
{"id":23959,"date":"2018-02-08T13:48:46","date_gmt":"2018-02-08T16:48:46","guid":{"rendered":"http:\/\/flamboyant.com.br\/blog\/?p=23959"},"modified":"2018-02-08T13:48:46","modified_gmt":"2018-02-08T16:48:46","slug":"cabelos-coloridos-para-o-carnaval","status":"publish","type":"post","link":"https:\/\/flamboyant.com.br\/blog\/2018\/02\/cabelos-coloridos-para-o-carnaval\/","title":{"rendered":"Cabelos Coloridos para o Carnaval"},"content":{"rendered":"<p><img decoding=\"async\" loading=\"lazy\" class=\"aligncenter wp-image-23965\" src=\"http:\/\/flamboyant.com.br\/blog\/wp-content\/uploads\/2018\/02\/Cabelos-Coloridos-para-o-Carnaval1.jpg\" alt=\"\" width=\"530\" height=\"272\" srcset=\"https:\/\/flamboyant.com.br\/blog\/wp-content\/uploads\/2018\/02\/Cabelos-Coloridos-para-o-Carnaval1.jpg 1000w, https:\/\/flamboyant.com.br\/blog\/wp-content\/uploads\/2018\/02\/Cabelos-Coloridos-para-o-Carnaval1-300x154.jpg 300w, https:\/\/flamboyant.com.br\/blog\/wp-content\/uploads\/2018\/02\/Cabelos-Coloridos-para-o-Carnaval1-768x394.jpg 768w\" sizes=\"(max-width: 530px) 100vw, 530px\" \/><\/p>\n<p>J\u00e1 quis colorir seus cabelos com tons bem diferentes ,mas ficou com medo de estragar os fios ou se arrepender depois? E se eu te contar que tem um produto novo no mercado que n\u00e3o estraga em nada suas madeixas, sai naturalmente com lavagens e vai te deixar toda colorida para os dias de Carnaval que se aproximam?!<\/p>\n<p><img decoding=\"async\" loading=\"lazy\" class=\"aligncenter wp-image-23966\" src=\"http:\/\/flamboyant.com.br\/blog\/wp-content\/uploads\/2018\/02\/Cabelos-Coloridos-para-o-Carnaval2.jpeg\" alt=\"\" width=\"530\" height=\"398\" srcset=\"https:\/\/flamboyant.com.br\/blog\/wp-content\/uploads\/2018\/02\/Cabelos-Coloridos-para-o-Carnaval2.jpeg 1280w, https:\/\/flamboyant.com.br\/blog\/wp-content\/uploads\/2018\/02\/Cabelos-Coloridos-para-o-Carnaval2-300x225.jpeg 300w, https:\/\/flamboyant.com.br\/blog\/wp-content\/uploads\/2018\/02\/Cabelos-Coloridos-para-o-Carnaval2-768x576.jpeg 768w, https:\/\/flamboyant.com.br\/blog\/wp-content\/uploads\/2018\/02\/Cabelos-Coloridos-para-o-Carnaval2-1024x768.jpeg 1024w\" sizes=\"(max-width: 530px) 100vw, 530px\" \/><\/p>\n<p>Pois \u00e9\u2026 estamos falando do Davines ALCHEMIC, uma linha que voc\u00ea encontra no One Beaut\u00e9 (Piso 3) com 6 shampoos e 6 condicionadores especialmente desenhados para cabelos naturais e coloridos para obter cores mais vibrantes e duradouras.<\/p>\n<p><img decoding=\"async\" loading=\"lazy\" class=\"aligncenter wp-image-23970\" src=\"http:\/\/flamboyant.com.br\/blog\/wp-content\/uploads\/2018\/02\/Cabelos-Coloridos-para-o-Carnaval6.jpg\" alt=\"\" width=\"530\" height=\"575\" srcset=\"https:\/\/flamboyant.com.br\/blog\/wp-content\/uploads\/2018\/02\/Cabelos-Coloridos-para-o-Carnaval6.jpg 1080w, https:\/\/flamboyant.com.br\/blog\/wp-content\/uploads\/2018\/02\/Cabelos-Coloridos-para-o-Carnaval6-277x300.jpg 277w, https:\/\/flamboyant.com.br\/blog\/wp-content\/uploads\/2018\/02\/Cabelos-Coloridos-para-o-Carnaval6-768x833.jpg 768w, https:\/\/flamboyant.com.br\/blog\/wp-content\/uploads\/2018\/02\/Cabelos-Coloridos-para-o-Carnaval6-944x1024.jpg 944w\" sizes=\"(max-width: 530px) 100vw, 530px\" \/><\/p>\n<p>Nos tons Chocolate, Red, Cooper, Silver e Golden, eles prometem acabar com qualquer desbotado se usados apenas duas vezes por semana.<\/p>\n<h3>FOR\u00c7A NOS LOIROS!<\/h3>\n<p><img decoding=\"async\" loading=\"lazy\" class=\"aligncenter wp-image-23967\" src=\"http:\/\/flamboyant.com.br\/blog\/wp-content\/uploads\/2018\/02\/Cabelos-Coloridos-para-o-Carnaval3.png\" alt=\"\" width=\"530\" height=\"355\" srcset=\"https:\/\/flamboyant.com.br\/blog\/wp-content\/uploads\/2018\/02\/Cabelos-Coloridos-para-o-Carnaval3.png 592w, https:\/\/flamboyant.com.br\/blog\/wp-content\/uploads\/2018\/02\/Cabelos-Coloridos-para-o-Carnaval3-300x201.png 300w\" sizes=\"(max-width: 530px) 100vw, 530px\" \/><\/p>\n<p>Por exemplo, voc\u00ea pode usar o Alchemic Silver para dar vida ao loiro \u00a0que amarelou devido a descolora\u00e7\u00e3o ou longa exposi\u00e7\u00e3o ao sol.<\/p>\n<h3>MORENA ILUMINADA!<\/h3>\n<p><img decoding=\"async\" loading=\"lazy\" class=\"aligncenter wp-image-23968\" src=\"http:\/\/flamboyant.com.br\/blog\/wp-content\/uploads\/2018\/02\/Cabelos-Coloridos-para-o-Carnaval4.png\" alt=\"\" width=\"530\" height=\"499\" srcset=\"https:\/\/flamboyant.com.br\/blog\/wp-content\/uploads\/2018\/02\/Cabelos-Coloridos-para-o-Carnaval4.png 595w, https:\/\/flamboyant.com.br\/blog\/wp-content\/uploads\/2018\/02\/Cabelos-Coloridos-para-o-Carnaval4-300x282.png 300w\" sizes=\"(max-width: 530px) 100vw, 530px\" \/><\/p>\n<p>Ou fazer como Victoria Beckhan que utiliza o\u00a0 Davines\u00a0Alchemic Tabaco shampoo e condicionador uma vez por semana.<\/p>\n<p>&#8220;Eu joguei com os Shampoos Davines. Eles v\u00eam em cores diferentes. N\u00e3o aquece o tom, \u00e9 um castanho mais fresco.\u201d<\/p>\n<h3>PRONTA PARA CORES MAIS FORTES NO CARNAVAL!<\/h3>\n<p><img decoding=\"async\" loading=\"lazy\" class=\"aligncenter wp-image-23964\" src=\"http:\/\/flamboyant.com.br\/blog\/wp-content\/uploads\/2018\/02\/Cabelos-Coloridos-para-o-Carnaval12.jpeg\" alt=\"\" width=\"530\" height=\"707\" srcset=\"https:\/\/flamboyant.com.br\/blog\/wp-content\/uploads\/2018\/02\/Cabelos-Coloridos-para-o-Carnaval12.jpeg 960w, https:\/\/flamboyant.com.br\/blog\/wp-content\/uploads\/2018\/02\/Cabelos-Coloridos-para-o-Carnaval12-225x300.jpeg 225w, https:\/\/flamboyant.com.br\/blog\/wp-content\/uploads\/2018\/02\/Cabelos-Coloridos-para-o-Carnaval12-768x1024.jpeg 768w\" sizes=\"(max-width: 530px) 100vw, 530px\" \/><\/p>\n<p>Claro que voc\u00ea tamb\u00e9m pode brincar com cores mais divertidas.<\/p>\n<p><img decoding=\"async\" loading=\"lazy\" class=\"aligncenter wp-image-23966\" src=\"http:\/\/flamboyant.com.br\/blog\/wp-content\/uploads\/2018\/02\/Cabelos-Coloridos-para-o-Carnaval2.jpeg\" alt=\"\" width=\"530\" height=\"398\" srcset=\"https:\/\/flamboyant.com.br\/blog\/wp-content\/uploads\/2018\/02\/Cabelos-Coloridos-para-o-Carnaval2.jpeg 1280w, https:\/\/flamboyant.com.br\/blog\/wp-content\/uploads\/2018\/02\/Cabelos-Coloridos-para-o-Carnaval2-300x225.jpeg 300w, https:\/\/flamboyant.com.br\/blog\/wp-content\/uploads\/2018\/02\/Cabelos-Coloridos-para-o-Carnaval2-768x576.jpeg 768w, https:\/\/flamboyant.com.br\/blog\/wp-content\/uploads\/2018\/02\/Cabelos-Coloridos-para-o-Carnaval2-1024x768.jpeg 1024w\" sizes=\"(max-width: 530px) 100vw, 530px\" \/><\/p>\n<p>O shampoo foi desenvolvido para lavar gentilmente os cabelos enquanto intensifica a cor tanto dos cabelos naturais quanto dos fios coloridos.<\/p>\n<p>A f\u00f3rmula \u00e9 enriquecida com prote\u00ednas do leite e vitaminas e tem um efeito nutritivo e hidratante que deixam os cabelos macios e sedosos.<\/p>\n<h3>UM VERDADEIRO TRATAMENTO PARA SEUS FIOS!<\/h3>\n<p><img decoding=\"async\" loading=\"lazy\" class=\"aligncenter wp-image-23969\" src=\"http:\/\/flamboyant.com.br\/blog\/wp-content\/uploads\/2018\/02\/Cabelos-Coloridos-para-o-Carnaval5.jpg\" alt=\"\" width=\"530\" height=\"530\" srcset=\"https:\/\/flamboyant.com.br\/blog\/wp-content\/uploads\/2018\/02\/Cabelos-Coloridos-para-o-Carnaval5.jpg 750w, https:\/\/flamboyant.com.br\/blog\/wp-content\/uploads\/2018\/02\/Cabelos-Coloridos-para-o-Carnaval5-150x150.jpg 150w, https:\/\/flamboyant.com.br\/blog\/wp-content\/uploads\/2018\/02\/Cabelos-Coloridos-para-o-Carnaval5-300x300.jpg 300w\" sizes=\"(max-width: 530px) 100vw, 530px\" \/><\/p>\n<p>J\u00e1 o creme \u00e9 uma verdadeira hidrata\u00e7\u00e3o com os pigmentos destilados puros que al\u00e9m de real\u00e7ar as cores de cabelo ainda deixa os fios com brilho profundo, protegidos e com a estrutura fortificada.<img decoding=\"async\" loading=\"lazy\" class=\"aligncenter wp-image-23971\" src=\"http:\/\/flamboyant.com.br\/blog\/wp-content\/uploads\/2018\/02\/Cabelos-Coloridos-para-o-Carnaval7.jpeg\" alt=\"\" width=\"530\" height=\"707\" srcset=\"https:\/\/flamboyant.com.br\/blog\/wp-content\/uploads\/2018\/02\/Cabelos-Coloridos-para-o-Carnaval7.jpeg 960w, https:\/\/flamboyant.com.br\/blog\/wp-content\/uploads\/2018\/02\/Cabelos-Coloridos-para-o-Carnaval7-225x300.jpeg 225w, https:\/\/flamboyant.com.br\/blog\/wp-content\/uploads\/2018\/02\/Cabelos-Coloridos-para-o-Carnaval7-768x1024.jpeg 768w\" sizes=\"(max-width: 530px) 100vw, 530px\" \/><\/p>\n<p>Acompanhamos uma transforma\u00e7\u00e3o aqui no One Beaut\u00e9 ( Piso 3) \u00a0usando a linha Alchemic.<\/p>\n<p><img decoding=\"async\" loading=\"lazy\" class=\"aligncenter wp-image-23962\" src=\"http:\/\/flamboyant.com.br\/blog\/wp-content\/uploads\/2018\/02\/Cabelos-Coloridos-para-o-Carnaval10.jpeg\" alt=\"\" width=\"530\" height=\"707\" srcset=\"https:\/\/flamboyant.com.br\/blog\/wp-content\/uploads\/2018\/02\/Cabelos-Coloridos-para-o-Carnaval10.jpeg 960w, https:\/\/flamboyant.com.br\/blog\/wp-content\/uploads\/2018\/02\/Cabelos-Coloridos-para-o-Carnaval10-225x300.jpeg 225w, https:\/\/flamboyant.com.br\/blog\/wp-content\/uploads\/2018\/02\/Cabelos-Coloridos-para-o-Carnaval10-768x1024.jpeg 768w\" sizes=\"(max-width: 530px) 100vw, 530px\" \/><\/p>\n<p>Olha s\u00f3 o resultado com o shampoo e o creme.<\/p>\n<p><img decoding=\"async\" loading=\"lazy\" class=\"aligncenter wp-image-23961\" src=\"http:\/\/flamboyant.com.br\/blog\/wp-content\/uploads\/2018\/02\/Cabelos-Coloridos-para-o-Carnaval9.jpeg\" alt=\"\" width=\"530\" height=\"707\" srcset=\"https:\/\/flamboyant.com.br\/blog\/wp-content\/uploads\/2018\/02\/Cabelos-Coloridos-para-o-Carnaval9.jpeg 960w, https:\/\/flamboyant.com.br\/blog\/wp-content\/uploads\/2018\/02\/Cabelos-Coloridos-para-o-Carnaval9-225x300.jpeg 225w, https:\/\/flamboyant.com.br\/blog\/wp-content\/uploads\/2018\/02\/Cabelos-Coloridos-para-o-Carnaval9-768x1024.jpeg 768w\" sizes=\"(max-width: 530px) 100vw, 530px\" \/><\/p>\n<p>Uma outra produ\u00e7\u00e3o feita com Davines Alchemic.<\/p>\n<p><img decoding=\"async\" loading=\"lazy\" class=\"aligncenter wp-image-23963\" src=\"http:\/\/flamboyant.com.br\/blog\/wp-content\/uploads\/2018\/02\/Cabelos-Coloridos-para-o-Carnaval11.jpg\" alt=\"\" width=\"530\" height=\"332\" srcset=\"https:\/\/flamboyant.com.br\/blog\/wp-content\/uploads\/2018\/02\/Cabelos-Coloridos-para-o-Carnaval11.jpg 652w, https:\/\/flamboyant.com.br\/blog\/wp-content\/uploads\/2018\/02\/Cabelos-Coloridos-para-o-Carnaval11-300x188.jpg 300w\" sizes=\"(max-width: 530px) 100vw, 530px\" \/><\/p>\n<p>O melhor \u00e9 que o pigmento n\u00e3o estraga os fios. Ali\u00e1s, muito pelo contr\u00e1rio: ele hidrata o cabelo e sai naturalmente a cada lavada.<\/p>\n<p>Gostaram? Ent\u00e3o \u00e9 s\u00f3 escolha a cor ideal para seu cabelo ou fazer um mix com os produtos e voil\u00e0. Cabelos coloridos na avenida.<\/p>\n","protected":false},"excerpt":{"rendered":"<p>J\u00e1 quis colorir seus cabelos com tons bem diferentes ,mas ficou com medo de estragar os fios ou se arrepender&#8230;<\/p>\n","protected":false},"author":2,"featured_media":0,"comment_status":"open","ping_status":"open","sticky":false,"template":"","format":"standard","meta":{"_mi_skip_tracking":false},"categories":[4,2102],"tags":[998,981,222],"yoast_head":"<!-- This site is optimized with the Yoast SEO plugin v20.11 - https:\/\/yoast.com\/wordpress\/plugins\/seo\/ -->\n<title>Cabelos Coloridos para o Carnaval - Blog Flamboyant<\/title>\n<meta name=\"robots\" content=\"index, follow, max-snippet:-1, max-image-preview:large, max-video-preview:-1\" \/>\n<link rel=\"canonical\" href=\"https:\/\/flamboyant.com.br\/blog\/2018\/02\/cabelos-coloridos-para-o-carnaval\/\" \/>\n<meta property=\"og:locale\" content=\"pt_BR\" \/>\n<meta property=\"og:type\" content=\"article\" \/>\n<meta property=\"og:title\" content=\"Cabelos Coloridos para o Carnaval - Blog Flamboyant\" \/>\n<meta property=\"og:description\" content=\"J\u00e1 quis colorir seus cabelos com tons bem diferentes ,mas ficou com medo de estragar os fios ou se arrepender...\" \/>\n<meta property=\"og:url\" content=\"https:\/\/flamboyant.com.br\/blog\/2018\/02\/cabelos-coloridos-para-o-carnaval\/\" \/>\n<meta property=\"og:site_name\" content=\"Blog Flamboyant\" \/>\n<meta property=\"article:published_time\" content=\"2018-02-08T16:48:46+00:00\" \/>\n<meta property=\"og:image\" content=\"http:\/\/flamboyant.com.br\/blog\/wp-content\/uploads\/2018\/02\/Cabelos-Coloridos-para-o-Carnaval1.jpg\" \/>\n<meta name=\"author\" content=\"Equipe Blog Flamboyant\" \/>\n<meta name=\"twitter:card\" content=\"summary_large_image\" \/>\n<meta name=\"twitter:label1\" content=\"Written by\" \/>\n\t<meta name=\"twitter:data1\" content=\"Equipe Blog Flamboyant\" \/>\n\t<meta name=\"twitter:label2\" content=\"Est. reading time\" \/>\n\t<meta name=\"twitter:data2\" content=\"2 minutos\" \/>\n<script type=\"application\/ld+json\" class=\"yoast-schema-graph\">{\"@context\":\"https:\/\/schema.org\",\"@graph\":[{\"@type\":\"WebPage\",\"@id\":\"https:\/\/flamboyant.com.br\/blog\/2018\/02\/cabelos-coloridos-para-o-carnaval\/\",\"url\":\"https:\/\/flamboyant.com.br\/blog\/2018\/02\/cabelos-coloridos-para-o-carnaval\/\",\"name\":\"Cabelos Coloridos para o Carnaval - Blog Flamboyant\",\"isPartOf\":{\"@id\":\"https:\/\/flamboyant.com.br\/blog\/#website\"},\"datePublished\":\"2018-02-08T16:48:46+00:00\",\"dateModified\":\"2018-02-08T16:48:46+00:00\",\"author\":{\"@id\":\"https:\/\/flamboyant.com.br\/blog\/#\/schema\/person\/96e5b9fe8927c69f49fde0efa7c35c25\"},\"inLanguage\":\"pt-BR\",\"potentialAction\":[{\"@type\":\"ReadAction\",\"target\":[\"https:\/\/flamboyant.com.br\/blog\/2018\/02\/cabelos-coloridos-para-o-carnaval\/\"]}]},{\"@type\":\"WebSite\",\"@id\":\"https:\/\/flamboyant.com.br\/blog\/#website\",\"url\":\"https:\/\/flamboyant.com.br\/blog\/\",\"name\":\"Blog Flamboyant\",\"description\":\"Novidades da Vitrine de Goi\u00e1s\",\"potentialAction\":[{\"@type\":\"SearchAction\",\"target\":{\"@type\":\"EntryPoint\",\"urlTemplate\":\"https:\/\/flamboyant.com.br\/blog\/?s={search_term_string}\"},\"query-input\":\"required name=search_term_string\"}],\"inLanguage\":\"pt-BR\"},{\"@type\":\"Person\",\"@id\":\"https:\/\/flamboyant.com.br\/blog\/#\/schema\/person\/96e5b9fe8927c69f49fde0efa7c35c25\",\"name\":\"Equipe Blog Flamboyant\",\"image\":{\"@type\":\"ImageObject\",\"inLanguage\":\"pt-BR\",\"@id\":\"https:\/\/flamboyant.com.br\/blog\/#\/schema\/person\/image\/\",\"url\":\"https:\/\/secure.gravatar.com\/avatar\/b07292884a3b6ed4df51823ddca76d73?s=96&d=blank&r=g\",\"contentUrl\":\"https:\/\/secure.gravatar.com\/avatar\/b07292884a3b6ed4df51823ddca76d73?s=96&d=blank&r=g\",\"caption\":\"Equipe Blog Flamboyant\"},\"url\":\"https:\/\/flamboyant.com.br\/blog\/author\/flamboyant\/\"}]}<\/script>\n<!-- \/ Yoast SEO plugin. -->","yoast_head_json":{"title":"Cabelos Coloridos para o Carnaval - Blog Flamboyant","robots":{"index":"index","follow":"follow","max-snippet":"max-snippet:-1","max-image-preview":"max-image-preview:large","max-video-preview":"max-video-preview:-1"},"canonical":"https:\/\/flamboyant.com.br\/blog\/2018\/02\/cabelos-coloridos-para-o-carnaval\/","og_locale":"pt_BR","og_type":"article","og_title":"Cabelos Coloridos para o Carnaval - Blog Flamboyant","og_description":"J\u00e1 quis colorir seus cabelos com tons bem diferentes ,mas ficou com medo de estragar os fios ou se arrepender...","og_url":"https:\/\/flamboyant.com.br\/blog\/2018\/02\/cabelos-coloridos-para-o-carnaval\/","og_site_name":"Blog Flamboyant","article_published_time":"2018-02-08T16:48:46+00:00","og_image":[{"url":"http:\/\/flamboyant.com.br\/blog\/wp-content\/uploads\/2018\/02\/Cabelos-Coloridos-para-o-Carnaval1.jpg"}],"author":"Equipe Blog Flamboyant","twitter_card":"summary_large_image","twitter_misc":{"Written by":"Equipe Blog Flamboyant","Est. reading time":"2 minutos"},"schema":{"@context":"https:\/\/schema.org","@graph":[{"@type":"WebPage","@id":"https:\/\/flamboyant.com.br\/blog\/2018\/02\/cabelos-coloridos-para-o-carnaval\/","url":"https:\/\/flamboyant.com.br\/blog\/2018\/02\/cabelos-coloridos-para-o-carnaval\/","name":"Cabelos Coloridos para o Carnaval - Blog Flamboyant","isPartOf":{"@id":"https:\/\/flamboyant.com.br\/blog\/#website"},"datePublished":"2018-02-08T16:48:46+00:00","dateModified":"2018-02-08T16:48:46+00:00","author":{"@id":"https:\/\/flamboyant.com.br\/blog\/#\/schema\/person\/96e5b9fe8927c69f49fde0efa7c35c25"},"inLanguage":"pt-BR","potentialAction":[{"@type":"ReadAction","target":["https:\/\/flamboyant.com.br\/blog\/2018\/02\/cabelos-coloridos-para-o-carnaval\/"]}]},{"@type":"WebSite","@id":"https:\/\/flamboyant.com.br\/blog\/#website","url":"https:\/\/flamboyant.com.br\/blog\/","name":"Blog Flamboyant","description":"Novidades da Vitrine de Goi\u00e1s","potentialAction":[{"@type":"SearchAction","target":{"@type":"EntryPoint","urlTemplate":"https:\/\/flamboyant.com.br\/blog\/?s={search_term_string}"},"query-input":"required name=search_term_string"}],"inLanguage":"pt-BR"},{"@type":"Person","@id":"https:\/\/flamboyant.com.br\/blog\/#\/schema\/person\/96e5b9fe8927c69f49fde0efa7c35c25","name":"Equipe Blog Flamboyant","image":{"@type":"ImageObject","inLanguage":"pt-BR","@id":"https:\/\/flamboyant.com.br\/blog\/#\/schema\/person\/image\/","url":"https:\/\/secure.gravatar.com\/avatar\/b07292884a3b6ed4df51823ddca76d73?s=96&d=blank&r=g","contentUrl":"https:\/\/secure.gravatar.com\/avatar\/b07292884a3b6ed4df51823ddca76d73?s=96&d=blank&r=g","caption":"Equipe Blog Flamboyant"},"url":"https:\/\/flamboyant.com.br\/blog\/author\/flamboyant\/"}]}},"_links":{"self":[{"href":"https:\/\/flamboyant.com.br\/blog\/wp-json\/wp\/v2\/posts\/23959"}],"collection":[{"href":"https:\/\/flamboyant.com.br\/blog\/wp-json\/wp\/v2\/posts"}],"about":[{"href":"https:\/\/flamboyant.com.br\/blog\/wp-json\/wp\/v2\/types\/post"}],"author":[{"embeddable":true,"href":"https:\/\/flamboyant.com.br\/blog\/wp-json\/wp\/v2\/users\/2"}],"replies":[{"embeddable":true,"href":"https:\/\/flamboyant.com.br\/blog\/wp-json\/wp\/v2\/comments?post=23959"}],"version-history":[{"count":1,"href":"https:\/\/flamboyant.com.br\/blog\/wp-json\/wp\/v2\/posts\/23959\/revisions"}],"predecessor-version":[{"id":23972,"href":"https:\/\/flamboyant.com.br\/blog\/wp-json\/wp\/v2\/posts\/23959\/revisions\/23972"}],"wp:attachment":[{"href":"https:\/\/flamboyant.com.br\/blog\/wp-json\/wp\/v2\/media?parent=23959"}],"wp:term":[{"taxonomy":"category","embeddable":true,"href":"https:\/\/flamboyant.com.br\/blog\/wp-json\/wp\/v2\/categories?post=23959"},{"taxonomy":"post_tag","embeddable":true,"href":"https:\/\/flamboyant.com.br\/blog\/wp-json\/wp\/v2\/tags?post=23959"}],"curies":[{"name":"wp","href":"https:\/\/api.w.org\/{rel}","templated":true}]}}