
{"id":24427,"date":"2018-04-26T10:59:29","date_gmt":"2018-04-26T13:59:29","guid":{"rendered":"http:\/\/flamboyant.com.br\/blog\/?p=24427"},"modified":"2018-08-13T15:15:11","modified_gmt":"2018-08-13T18:15:11","slug":"looks-in-concert-2018-frejat-e-maestro-joao-carlos-martins","status":"publish","type":"post","link":"https:\/\/flamboyant.com.br\/blog\/2018\/04\/looks-in-concert-2018-frejat-e-maestro-joao-carlos-martins\/","title":{"rendered":"Looks In Concert 2018: Frejat e Maestro Jo\u00e3o Carlos Martins"},"content":{"rendered":"<p>Fechando o m\u00eas de abril com chave de ouro o <strong>Flamboyant Shopping<\/strong> apresentou no palco do <strong>In Concert<\/strong> a fus\u00e3o da m\u00fasica cl\u00e1ssica, regida por ningu\u00e9m menos que o maestro <strong>Jo\u00e3o Carlos Martins<\/strong>, com o bom e velho <strong>rock<\/strong> and roll do <strong>Frejat<\/strong>.<\/p>\n<p><img decoding=\"async\" loading=\"lazy\" class=\"aligncenter size-full wp-image-24433\" src=\"http:\/\/flamboyant.com.br\/blog\/wp-content\/uploads\/2018\/04\/LOOKS-IN-CONCERT-2018-FREJAT-E-MAESTRO-JO\u00c3O-CARLOS-MARTINS-1.jpg\" alt=\"\" width=\"530\" height=\"294\" srcset=\"https:\/\/flamboyant.com.br\/blog\/wp-content\/uploads\/2018\/04\/LOOKS-IN-CONCERT-2018-FREJAT-E-MAESTRO-JO\u00c3O-CARLOS-MARTINS-1.jpg 530w, https:\/\/flamboyant.com.br\/blog\/wp-content\/uploads\/2018\/04\/LOOKS-IN-CONCERT-2018-FREJAT-E-MAESTRO-JO\u00c3O-CARLOS-MARTINS-1-300x166.jpg 300w\" sizes=\"(max-width: 530px) 100vw, 530px\" \/><\/p>\n<p>O anoitecer de ter\u00e7a, que estava com clima ameno, trouxe um p\u00fablico apaixonado por boa m\u00fasica e ansioso pelo resultado desta fant\u00e1stica fus\u00e3o musical.<\/p>\n<p><img decoding=\"async\" loading=\"lazy\" class=\"aligncenter size-full wp-image-24434\" src=\"http:\/\/flamboyant.com.br\/blog\/wp-content\/uploads\/2018\/04\/LOOKS-IN-CONCERT-2018-FREJAT-E-MAESTRO-JO\u00c3O-CARLOS-MARTINS-2.jpg\" alt=\"\" width=\"500\" height=\"500\" srcset=\"https:\/\/flamboyant.com.br\/blog\/wp-content\/uploads\/2018\/04\/LOOKS-IN-CONCERT-2018-FREJAT-E-MAESTRO-JO\u00c3O-CARLOS-MARTINS-2.jpg 500w, https:\/\/flamboyant.com.br\/blog\/wp-content\/uploads\/2018\/04\/LOOKS-IN-CONCERT-2018-FREJAT-E-MAESTRO-JO\u00c3O-CARLOS-MARTINS-2-150x150.jpg 150w, https:\/\/flamboyant.com.br\/blog\/wp-content\/uploads\/2018\/04\/LOOKS-IN-CONCERT-2018-FREJAT-E-MAESTRO-JO\u00c3O-CARLOS-MARTINS-2-300x300.jpg 300w\" sizes=\"(max-width: 500px) 100vw, 500px\" \/><\/p>\n<p>E assim como o show, as pessoas tamb\u00e9m arrasaram nas escolhas dos looks.. Confira.<\/p>\n<p><!--more--><\/p>\n<p>Ao som de um repert\u00f3rio exclusivo para a plateia do <strong>In Concert<\/strong>, v\u00e1rias pessoas desfilaram pelos corredores com produ\u00e7\u00f5es super estilosas.<\/p>\n<p><img decoding=\"async\" loading=\"lazy\" class=\"aligncenter wp-image-24435\" src=\"http:\/\/flamboyant.com.br\/blog\/wp-content\/uploads\/2018\/04\/LOOKS-IN-CONCERT-2018-FREJAT-E-MAESTRO-JO\u00c3O-CARLOS-MARTINS-3.jpg\" alt=\"\" width=\"530\" height=\"795\" srcset=\"https:\/\/flamboyant.com.br\/blog\/wp-content\/uploads\/2018\/04\/LOOKS-IN-CONCERT-2018-FREJAT-E-MAESTRO-JO\u00c3O-CARLOS-MARTINS-3.jpg 853w, https:\/\/flamboyant.com.br\/blog\/wp-content\/uploads\/2018\/04\/LOOKS-IN-CONCERT-2018-FREJAT-E-MAESTRO-JO\u00c3O-CARLOS-MARTINS-3-200x300.jpg 200w, https:\/\/flamboyant.com.br\/blog\/wp-content\/uploads\/2018\/04\/LOOKS-IN-CONCERT-2018-FREJAT-E-MAESTRO-JO\u00c3O-CARLOS-MARTINS-3-768x1152.jpg 768w, https:\/\/flamboyant.com.br\/blog\/wp-content\/uploads\/2018\/04\/LOOKS-IN-CONCERT-2018-FREJAT-E-MAESTRO-JO\u00c3O-CARLOS-MARTINS-3-682x1024.jpg 682w\" sizes=\"(max-width: 530px) 100vw, 530px\" \/><\/p>\n<p>O metalizado veio para dominar o inverno e no look a saia dourada ganhou um toque <strong>rock<\/strong> and roll com a jaqueta de couro preta.<\/p>\n<p><img decoding=\"async\" loading=\"lazy\" class=\"aligncenter wp-image-24428\" src=\"http:\/\/flamboyant.com.br\/blog\/wp-content\/uploads\/2018\/04\/LOOKS-IN-CONCERT-2018-FREJAT-E-MAESTRO-JO\u00c3O-CARLOS-MARTINS-4.jpg\" alt=\"\" width=\"530\" height=\"795\" srcset=\"https:\/\/flamboyant.com.br\/blog\/wp-content\/uploads\/2018\/04\/LOOKS-IN-CONCERT-2018-FREJAT-E-MAESTRO-JO\u00c3O-CARLOS-MARTINS-4.jpg 853w, https:\/\/flamboyant.com.br\/blog\/wp-content\/uploads\/2018\/04\/LOOKS-IN-CONCERT-2018-FREJAT-E-MAESTRO-JO\u00c3O-CARLOS-MARTINS-4-200x300.jpg 200w, https:\/\/flamboyant.com.br\/blog\/wp-content\/uploads\/2018\/04\/LOOKS-IN-CONCERT-2018-FREJAT-E-MAESTRO-JO\u00c3O-CARLOS-MARTINS-4-768x1152.jpg 768w, https:\/\/flamboyant.com.br\/blog\/wp-content\/uploads\/2018\/04\/LOOKS-IN-CONCERT-2018-FREJAT-E-MAESTRO-JO\u00c3O-CARLOS-MARTINS-4-682x1024.jpg 682w\" sizes=\"(max-width: 530px) 100vw, 530px\" \/><\/p>\n<p>A produ\u00e7\u00e3o elegante do macac\u00e3o pantacourt verde militar ficou lindo com a sand\u00e1lia de salto grosso e a bolsa moderna.<\/p>\n<p><img decoding=\"async\" loading=\"lazy\" class=\"aligncenter wp-image-24429\" src=\"http:\/\/flamboyant.com.br\/blog\/wp-content\/uploads\/2018\/04\/LOOKS-IN-CONCERT-2018-FREJAT-E-MAESTRO-JO\u00c3O-CARLOS-MARTINS-5.jpg\" alt=\"\" width=\"530\" height=\"795\" srcset=\"https:\/\/flamboyant.com.br\/blog\/wp-content\/uploads\/2018\/04\/LOOKS-IN-CONCERT-2018-FREJAT-E-MAESTRO-JO\u00c3O-CARLOS-MARTINS-5.jpg 853w, https:\/\/flamboyant.com.br\/blog\/wp-content\/uploads\/2018\/04\/LOOKS-IN-CONCERT-2018-FREJAT-E-MAESTRO-JO\u00c3O-CARLOS-MARTINS-5-200x300.jpg 200w, https:\/\/flamboyant.com.br\/blog\/wp-content\/uploads\/2018\/04\/LOOKS-IN-CONCERT-2018-FREJAT-E-MAESTRO-JO\u00c3O-CARLOS-MARTINS-5-768x1152.jpg 768w, https:\/\/flamboyant.com.br\/blog\/wp-content\/uploads\/2018\/04\/LOOKS-IN-CONCERT-2018-FREJAT-E-MAESTRO-JO\u00c3O-CARLOS-MARTINS-5-682x1024.jpg 682w\" sizes=\"(max-width: 530px) 100vw, 530px\" \/><\/p>\n<p>Para ficar aquecida e estilosa, uma produ\u00e7\u00e3o mais soltinha e confort\u00e1vel com uma bolsa cl\u00e1ssica e muito <em>chic<\/em>.<\/p>\n<p><img decoding=\"async\" loading=\"lazy\" class=\"aligncenter wp-image-24430\" src=\"http:\/\/flamboyant.com.br\/blog\/wp-content\/uploads\/2018\/04\/LOOKS-IN-CONCERT-2018-FREJAT-E-MAESTRO-JO\u00c3O-CARLOS-MARTINS-6.jpg\" alt=\"\" width=\"530\" height=\"795\" srcset=\"https:\/\/flamboyant.com.br\/blog\/wp-content\/uploads\/2018\/04\/LOOKS-IN-CONCERT-2018-FREJAT-E-MAESTRO-JO\u00c3O-CARLOS-MARTINS-6.jpg 853w, https:\/\/flamboyant.com.br\/blog\/wp-content\/uploads\/2018\/04\/LOOKS-IN-CONCERT-2018-FREJAT-E-MAESTRO-JO\u00c3O-CARLOS-MARTINS-6-200x300.jpg 200w, https:\/\/flamboyant.com.br\/blog\/wp-content\/uploads\/2018\/04\/LOOKS-IN-CONCERT-2018-FREJAT-E-MAESTRO-JO\u00c3O-CARLOS-MARTINS-6-768x1152.jpg 768w, https:\/\/flamboyant.com.br\/blog\/wp-content\/uploads\/2018\/04\/LOOKS-IN-CONCERT-2018-FREJAT-E-MAESTRO-JO\u00c3O-CARLOS-MARTINS-6-682x1024.jpg 682w\" sizes=\"(max-width: 530px) 100vw, 530px\" \/><\/p>\n<p>Uma produ\u00e7\u00e3o <em>trend<\/em> com uma <em>bomber<\/em> <em>jacket<\/em> e um t\u00eanis super confort\u00e1vel.<\/p>\n<p><img decoding=\"async\" loading=\"lazy\" class=\"aligncenter wp-image-24431\" src=\"http:\/\/flamboyant.com.br\/blog\/wp-content\/uploads\/2018\/04\/LOOKS-IN-CONCERT-2018-FREJAT-E-MAESTRO-JO\u00c3O-CARLOS-MARTINS-7.jpg\" alt=\"\" width=\"530\" height=\"795\" srcset=\"https:\/\/flamboyant.com.br\/blog\/wp-content\/uploads\/2018\/04\/LOOKS-IN-CONCERT-2018-FREJAT-E-MAESTRO-JO\u00c3O-CARLOS-MARTINS-7.jpg 853w, https:\/\/flamboyant.com.br\/blog\/wp-content\/uploads\/2018\/04\/LOOKS-IN-CONCERT-2018-FREJAT-E-MAESTRO-JO\u00c3O-CARLOS-MARTINS-7-200x300.jpg 200w, https:\/\/flamboyant.com.br\/blog\/wp-content\/uploads\/2018\/04\/LOOKS-IN-CONCERT-2018-FREJAT-E-MAESTRO-JO\u00c3O-CARLOS-MARTINS-7-768x1152.jpg 768w, https:\/\/flamboyant.com.br\/blog\/wp-content\/uploads\/2018\/04\/LOOKS-IN-CONCERT-2018-FREJAT-E-MAESTRO-JO\u00c3O-CARLOS-MARTINS-7-682x1024.jpg 682w\" sizes=\"(max-width: 530px) 100vw, 530px\" \/><\/p>\n<p>Novamente a pantacourt aparece, agora com detalhes em babados combinando um estilo mais minimalista e monocrom\u00e1tico.<\/p>\n<p><img decoding=\"async\" loading=\"lazy\" class=\"aligncenter wp-image-24432\" src=\"http:\/\/flamboyant.com.br\/blog\/wp-content\/uploads\/2018\/04\/LOOKS-IN-CONCERT-2018-FREJAT-E-MAESTRO-JO\u00c3O-CARLOS-MARTINS-8.jpg\" alt=\"\" width=\"530\" height=\"795\" srcset=\"https:\/\/flamboyant.com.br\/blog\/wp-content\/uploads\/2018\/04\/LOOKS-IN-CONCERT-2018-FREJAT-E-MAESTRO-JO\u00c3O-CARLOS-MARTINS-8.jpg 853w, https:\/\/flamboyant.com.br\/blog\/wp-content\/uploads\/2018\/04\/LOOKS-IN-CONCERT-2018-FREJAT-E-MAESTRO-JO\u00c3O-CARLOS-MARTINS-8-200x300.jpg 200w, https:\/\/flamboyant.com.br\/blog\/wp-content\/uploads\/2018\/04\/LOOKS-IN-CONCERT-2018-FREJAT-E-MAESTRO-JO\u00c3O-CARLOS-MARTINS-8-768x1152.jpg 768w, https:\/\/flamboyant.com.br\/blog\/wp-content\/uploads\/2018\/04\/LOOKS-IN-CONCERT-2018-FREJAT-E-MAESTRO-JO\u00c3O-CARLOS-MARTINS-8-682x1024.jpg 682w\" sizes=\"(max-width: 530px) 100vw, 530px\" \/><\/p>\n<p>E essa produ\u00e7\u00e3o bicolor em tons terrosos foi pontuada com uma sand\u00e1lia colorida. Um charme.<\/p>\n<p>Gostaram dos <strong>looks<\/strong>? No m\u00eas de maio t\u00eam mais e voc\u00ea pode aparecer aqui no blog. \u00c9 s\u00f3 trocar suas notas fiscais das lojas do Flamboyant Shopping e escolher um look <em>super cool<\/em> para o pr\u00f3ximo show, que ser\u00e1 do Diogo Nogueira e da Alcione.<\/p>\n<p>Com certeza vamos te encontrar no meio da multid\u00e3o.<\/p>\n","protected":false},"excerpt":{"rendered":"<p>Fechando o m\u00eas de abril com chave de ouro o Flamboyant Shopping apresentou no palco do In Concert a fus\u00e3o&#8230;<\/p>\n","protected":false},"author":2,"featured_media":0,"comment_status":"open","ping_status":"open","sticky":false,"template":"","format":"standard","meta":{"_mi_skip_tracking":false},"categories":[2094,8],"tags":[2273,2014,189,222,2139,318],"yoast_head":"<!-- This site is optimized with the Yoast SEO plugin v20.11 - https:\/\/yoast.com\/wordpress\/plugins\/seo\/ -->\n<title>Looks In Concert 2018: Frejat e Maestro Jo\u00e3o Carlos Martins - Blog Flamboyant<\/title>\n<meta name=\"robots\" content=\"index, follow, max-snippet:-1, max-image-preview:large, max-video-preview:-1\" \/>\n<link rel=\"canonical\" href=\"https:\/\/flamboyant.com.br\/blog\/2018\/04\/looks-in-concert-2018-frejat-e-maestro-joao-carlos-martins\/\" \/>\n<meta property=\"og:locale\" content=\"pt_BR\" \/>\n<meta property=\"og:type\" content=\"article\" \/>\n<meta property=\"og:title\" content=\"Looks In Concert 2018: Frejat e Maestro Jo\u00e3o Carlos Martins - Blog Flamboyant\" \/>\n<meta property=\"og:description\" content=\"Fechando o m\u00eas de abril com chave de ouro o Flamboyant Shopping apresentou no palco do In Concert a fus\u00e3o...\" \/>\n<meta property=\"og:url\" content=\"https:\/\/flamboyant.com.br\/blog\/2018\/04\/looks-in-concert-2018-frejat-e-maestro-joao-carlos-martins\/\" \/>\n<meta property=\"og:site_name\" content=\"Blog Flamboyant\" \/>\n<meta property=\"article:published_time\" content=\"2018-04-26T13:59:29+00:00\" \/>\n<meta property=\"article:modified_time\" content=\"2018-08-13T18:15:11+00:00\" \/>\n<meta name=\"author\" content=\"Equipe Blog Flamboyant\" \/>\n<meta name=\"twitter:card\" content=\"summary_large_image\" \/>\n<meta name=\"twitter:label1\" content=\"Written by\" \/>\n\t<meta name=\"twitter:data1\" content=\"Equipe Blog Flamboyant\" \/>\n\t<meta name=\"twitter:label2\" content=\"Est. reading time\" \/>\n\t<meta name=\"twitter:data2\" content=\"1 minuto\" \/>\n<script type=\"application\/ld+json\" class=\"yoast-schema-graph\">{\"@context\":\"https:\/\/schema.org\",\"@graph\":[{\"@type\":\"WebPage\",\"@id\":\"https:\/\/flamboyant.com.br\/blog\/2018\/04\/looks-in-concert-2018-frejat-e-maestro-joao-carlos-martins\/\",\"url\":\"https:\/\/flamboyant.com.br\/blog\/2018\/04\/looks-in-concert-2018-frejat-e-maestro-joao-carlos-martins\/\",\"name\":\"Looks In Concert 2018: Frejat e Maestro Jo\u00e3o Carlos Martins - Blog Flamboyant\",\"isPartOf\":{\"@id\":\"https:\/\/flamboyant.com.br\/blog\/#website\"},\"datePublished\":\"2018-04-26T13:59:29+00:00\",\"dateModified\":\"2018-08-13T18:15:11+00:00\",\"author\":{\"@id\":\"https:\/\/flamboyant.com.br\/blog\/#\/schema\/person\/96e5b9fe8927c69f49fde0efa7c35c25\"},\"inLanguage\":\"pt-BR\",\"potentialAction\":[{\"@type\":\"ReadAction\",\"target\":[\"https:\/\/flamboyant.com.br\/blog\/2018\/04\/looks-in-concert-2018-frejat-e-maestro-joao-carlos-martins\/\"]}]},{\"@type\":\"WebSite\",\"@id\":\"https:\/\/flamboyant.com.br\/blog\/#website\",\"url\":\"https:\/\/flamboyant.com.br\/blog\/\",\"name\":\"Blog Flamboyant\",\"description\":\"Novidades da Vitrine de Goi\u00e1s\",\"potentialAction\":[{\"@type\":\"SearchAction\",\"target\":{\"@type\":\"EntryPoint\",\"urlTemplate\":\"https:\/\/flamboyant.com.br\/blog\/?s={search_term_string}\"},\"query-input\":\"required name=search_term_string\"}],\"inLanguage\":\"pt-BR\"},{\"@type\":\"Person\",\"@id\":\"https:\/\/flamboyant.com.br\/blog\/#\/schema\/person\/96e5b9fe8927c69f49fde0efa7c35c25\",\"name\":\"Equipe Blog Flamboyant\",\"image\":{\"@type\":\"ImageObject\",\"inLanguage\":\"pt-BR\",\"@id\":\"https:\/\/flamboyant.com.br\/blog\/#\/schema\/person\/image\/\",\"url\":\"https:\/\/secure.gravatar.com\/avatar\/b07292884a3b6ed4df51823ddca76d73?s=96&d=blank&r=g\",\"contentUrl\":\"https:\/\/secure.gravatar.com\/avatar\/b07292884a3b6ed4df51823ddca76d73?s=96&d=blank&r=g\",\"caption\":\"Equipe Blog Flamboyant\"},\"url\":\"https:\/\/flamboyant.com.br\/blog\/author\/flamboyant\/\"}]}<\/script>\n<!-- \/ Yoast SEO plugin. -->","yoast_head_json":{"title":"Looks In Concert 2018: Frejat e Maestro Jo\u00e3o Carlos Martins - Blog Flamboyant","robots":{"index":"index","follow":"follow","max-snippet":"max-snippet:-1","max-image-preview":"max-image-preview:large","max-video-preview":"max-video-preview:-1"},"canonical":"https:\/\/flamboyant.com.br\/blog\/2018\/04\/looks-in-concert-2018-frejat-e-maestro-joao-carlos-martins\/","og_locale":"pt_BR","og_type":"article","og_title":"Looks In Concert 2018: Frejat e Maestro Jo\u00e3o Carlos Martins - Blog Flamboyant","og_description":"Fechando o m\u00eas de abril com chave de ouro o Flamboyant Shopping apresentou no palco do In Concert a fus\u00e3o...","og_url":"https:\/\/flamboyant.com.br\/blog\/2018\/04\/looks-in-concert-2018-frejat-e-maestro-joao-carlos-martins\/","og_site_name":"Blog Flamboyant","article_published_time":"2018-04-26T13:59:29+00:00","article_modified_time":"2018-08-13T18:15:11+00:00","author":"Equipe Blog Flamboyant","twitter_card":"summary_large_image","twitter_misc":{"Written by":"Equipe Blog Flamboyant","Est. reading time":"1 minuto"},"schema":{"@context":"https:\/\/schema.org","@graph":[{"@type":"WebPage","@id":"https:\/\/flamboyant.com.br\/blog\/2018\/04\/looks-in-concert-2018-frejat-e-maestro-joao-carlos-martins\/","url":"https:\/\/flamboyant.com.br\/blog\/2018\/04\/looks-in-concert-2018-frejat-e-maestro-joao-carlos-martins\/","name":"Looks In Concert 2018: Frejat e Maestro Jo\u00e3o Carlos Martins - Blog Flamboyant","isPartOf":{"@id":"https:\/\/flamboyant.com.br\/blog\/#website"},"datePublished":"2018-04-26T13:59:29+00:00","dateModified":"2018-08-13T18:15:11+00:00","author":{"@id":"https:\/\/flamboyant.com.br\/blog\/#\/schema\/person\/96e5b9fe8927c69f49fde0efa7c35c25"},"inLanguage":"pt-BR","potentialAction":[{"@type":"ReadAction","target":["https:\/\/flamboyant.com.br\/blog\/2018\/04\/looks-in-concert-2018-frejat-e-maestro-joao-carlos-martins\/"]}]},{"@type":"WebSite","@id":"https:\/\/flamboyant.com.br\/blog\/#website","url":"https:\/\/flamboyant.com.br\/blog\/","name":"Blog Flamboyant","description":"Novidades da Vitrine de Goi\u00e1s","potentialAction":[{"@type":"SearchAction","target":{"@type":"EntryPoint","urlTemplate":"https:\/\/flamboyant.com.br\/blog\/?s={search_term_string}"},"query-input":"required name=search_term_string"}],"inLanguage":"pt-BR"},{"@type":"Person","@id":"https:\/\/flamboyant.com.br\/blog\/#\/schema\/person\/96e5b9fe8927c69f49fde0efa7c35c25","name":"Equipe Blog Flamboyant","image":{"@type":"ImageObject","inLanguage":"pt-BR","@id":"https:\/\/flamboyant.com.br\/blog\/#\/schema\/person\/image\/","url":"https:\/\/secure.gravatar.com\/avatar\/b07292884a3b6ed4df51823ddca76d73?s=96&d=blank&r=g","contentUrl":"https:\/\/secure.gravatar.com\/avatar\/b07292884a3b6ed4df51823ddca76d73?s=96&d=blank&r=g","caption":"Equipe Blog Flamboyant"},"url":"https:\/\/flamboyant.com.br\/blog\/author\/flamboyant\/"}]}},"_links":{"self":[{"href":"https:\/\/flamboyant.com.br\/blog\/wp-json\/wp\/v2\/posts\/24427"}],"collection":[{"href":"https:\/\/flamboyant.com.br\/blog\/wp-json\/wp\/v2\/posts"}],"about":[{"href":"https:\/\/flamboyant.com.br\/blog\/wp-json\/wp\/v2\/types\/post"}],"author":[{"embeddable":true,"href":"https:\/\/flamboyant.com.br\/blog\/wp-json\/wp\/v2\/users\/2"}],"replies":[{"embeddable":true,"href":"https:\/\/flamboyant.com.br\/blog\/wp-json\/wp\/v2\/comments?post=24427"}],"version-history":[{"count":3,"href":"https:\/\/flamboyant.com.br\/blog\/wp-json\/wp\/v2\/posts\/24427\/revisions"}],"predecessor-version":[{"id":25069,"href":"https:\/\/flamboyant.com.br\/blog\/wp-json\/wp\/v2\/posts\/24427\/revisions\/25069"}],"wp:attachment":[{"href":"https:\/\/flamboyant.com.br\/blog\/wp-json\/wp\/v2\/media?parent=24427"}],"wp:term":[{"taxonomy":"category","embeddable":true,"href":"https:\/\/flamboyant.com.br\/blog\/wp-json\/wp\/v2\/categories?post=24427"},{"taxonomy":"post_tag","embeddable":true,"href":"https:\/\/flamboyant.com.br\/blog\/wp-json\/wp\/v2\/tags?post=24427"}],"curies":[{"name":"wp","href":"https:\/\/api.w.org\/{rel}","templated":true}]}}