
{"id":24845,"date":"2018-07-19T17:20:14","date_gmt":"2018-07-19T20:20:14","guid":{"rendered":"http:\/\/flamboyant.com.br\/blog\/?p=24845"},"modified":"2018-07-20T17:49:50","modified_gmt":"2018-07-20T20:49:50","slug":"inspiracoes-fashion-do-food-garden","status":"publish","type":"post","link":"https:\/\/flamboyant.com.br\/blog\/2018\/07\/inspiracoes-fashion-do-food-garden\/","title":{"rendered":"Inspira\u00e7\u00f5es Fashion do Food Garden"},"content":{"rendered":"<p>Sabe aquelas inspira\u00e7\u00f5es de looks que todos amam copiar? Aqui no Food Garden 2018 tamb\u00e9m teve! O p\u00fablico caprichou na produ\u00e7\u00e3o na hora de se vestir para prestigiar nosso evento e n\u00f3s amamos!<\/p>\n<p>Quer conferir quais s\u00e3o os looks <em>must have<\/em> para o seu guarda roupa? Continue lendo&#8230;<!--more-->O primeiro look \u00e9 com essa jaqueta de couro que com certeza muitas v\u00e3o querer fazer \u201cctrl c \u2013 ctrl v\u201d no closet, ela transformou o look e o deixou super moderno.<a href=\"http:\/\/flamboyant.com.br\/blog\/wp-content\/uploads\/2018\/07\/Inspira\u00e7\u00f5es-Fashion-do-Food-Garden-1.jpg\" rel=\"lightbox[24845]\"><img decoding=\"async\" loading=\"lazy\" class=\"alignnone size-full wp-image-24849\" src=\"http:\/\/flamboyant.com.br\/blog\/wp-content\/uploads\/2018\/07\/Inspira\u00e7\u00f5es-Fashion-do-Food-Garden-1.jpg\" alt=\"\" width=\"3264\" height=\"4928\" srcset=\"https:\/\/flamboyant.com.br\/blog\/wp-content\/uploads\/2018\/07\/Inspira\u00e7\u00f5es-Fashion-do-Food-Garden-1.jpg 3264w, https:\/\/flamboyant.com.br\/blog\/wp-content\/uploads\/2018\/07\/Inspira\u00e7\u00f5es-Fashion-do-Food-Garden-1-199x300.jpg 199w, https:\/\/flamboyant.com.br\/blog\/wp-content\/uploads\/2018\/07\/Inspira\u00e7\u00f5es-Fashion-do-Food-Garden-1-768x1160.jpg 768w, https:\/\/flamboyant.com.br\/blog\/wp-content\/uploads\/2018\/07\/Inspira\u00e7\u00f5es-Fashion-do-Food-Garden-1-678x1024.jpg 678w\" sizes=\"(max-width: 3264px) 100vw, 3264px\" \/><\/a><\/p>\n<p>Outra produ\u00e7\u00e3o contempor\u00e2nea: Terninho em tom pastel, combinado com t\u00eanis branco. Uma super aposta para deixar o look mais jovial e cheio de atitude.<a href=\"http:\/\/flamboyant.com.br\/blog\/wp-content\/uploads\/2018\/07\/Inspira\u00e7\u00f5es-Fashion-do-Food-Garden-2.jpg\" rel=\"lightbox[24845]\"><img decoding=\"async\" loading=\"lazy\" class=\"alignnone size-full wp-image-24848\" src=\"http:\/\/flamboyant.com.br\/blog\/wp-content\/uploads\/2018\/07\/Inspira\u00e7\u00f5es-Fashion-do-Food-Garden-2.jpg\" alt=\"\" width=\"3264\" height=\"4928\" srcset=\"https:\/\/flamboyant.com.br\/blog\/wp-content\/uploads\/2018\/07\/Inspira\u00e7\u00f5es-Fashion-do-Food-Garden-2.jpg 3264w, https:\/\/flamboyant.com.br\/blog\/wp-content\/uploads\/2018\/07\/Inspira\u00e7\u00f5es-Fashion-do-Food-Garden-2-199x300.jpg 199w, https:\/\/flamboyant.com.br\/blog\/wp-content\/uploads\/2018\/07\/Inspira\u00e7\u00f5es-Fashion-do-Food-Garden-2-768x1160.jpg 768w, https:\/\/flamboyant.com.br\/blog\/wp-content\/uploads\/2018\/07\/Inspira\u00e7\u00f5es-Fashion-do-Food-Garden-2-678x1024.jpg 678w\" sizes=\"(max-width: 3264px) 100vw, 3264px\" \/><\/a><\/p>\n<p>Uma produ\u00e7\u00e3o para as rom\u00e2nticas: vestido estampado com um cardigan \u00e0 m\u00e3o caso o frio chegue de mansinho.<a href=\"http:\/\/flamboyant.com.br\/blog\/wp-content\/uploads\/2018\/07\/Inspira\u00e7\u00f5es-Fashion-do-Food-Garden-3.jpg\" rel=\"lightbox[24845]\"><img decoding=\"async\" loading=\"lazy\" class=\"alignnone size-full wp-image-24847\" src=\"http:\/\/flamboyant.com.br\/blog\/wp-content\/uploads\/2018\/07\/Inspira\u00e7\u00f5es-Fashion-do-Food-Garden-3.jpg\" alt=\"\" width=\"3264\" height=\"4928\" srcset=\"https:\/\/flamboyant.com.br\/blog\/wp-content\/uploads\/2018\/07\/Inspira\u00e7\u00f5es-Fashion-do-Food-Garden-3.jpg 3264w, https:\/\/flamboyant.com.br\/blog\/wp-content\/uploads\/2018\/07\/Inspira\u00e7\u00f5es-Fashion-do-Food-Garden-3-199x300.jpg 199w, https:\/\/flamboyant.com.br\/blog\/wp-content\/uploads\/2018\/07\/Inspira\u00e7\u00f5es-Fashion-do-Food-Garden-3-768x1160.jpg 768w, https:\/\/flamboyant.com.br\/blog\/wp-content\/uploads\/2018\/07\/Inspira\u00e7\u00f5es-Fashion-do-Food-Garden-3-678x1024.jpg 678w\" sizes=\"(max-width: 3264px) 100vw, 3264px\" \/><\/a><\/p>\n<p>As mais descontra\u00eddas v\u00e3o amar esse look: bermuda com risca de giz e blusa de babado para quebrar um pouco a sobriedade da pe\u00e7a de alfaiataria.<a href=\"http:\/\/flamboyant.com.br\/blog\/wp-content\/uploads\/2018\/07\/Inspira\u00e7\u00f5es-Fashion-do-Food-Garden-4.jpg\" rel=\"lightbox[24845]\"><img decoding=\"async\" loading=\"lazy\" class=\"alignnone size-full wp-image-24846\" src=\"http:\/\/flamboyant.com.br\/blog\/wp-content\/uploads\/2018\/07\/Inspira\u00e7\u00f5es-Fashion-do-Food-Garden-4.jpg\" alt=\"\" width=\"3264\" height=\"4928\" srcset=\"https:\/\/flamboyant.com.br\/blog\/wp-content\/uploads\/2018\/07\/Inspira\u00e7\u00f5es-Fashion-do-Food-Garden-4.jpg 3264w, https:\/\/flamboyant.com.br\/blog\/wp-content\/uploads\/2018\/07\/Inspira\u00e7\u00f5es-Fashion-do-Food-Garden-4-199x300.jpg 199w, https:\/\/flamboyant.com.br\/blog\/wp-content\/uploads\/2018\/07\/Inspira\u00e7\u00f5es-Fashion-do-Food-Garden-4-768x1160.jpg 768w, https:\/\/flamboyant.com.br\/blog\/wp-content\/uploads\/2018\/07\/Inspira\u00e7\u00f5es-Fashion-do-Food-Garden-4-678x1024.jpg 678w\" sizes=\"(max-width: 3264px) 100vw, 3264px\" \/><\/a><\/p>\n<p>E para finalizar nossas inspira\u00e7\u00f5es de looks, uma produ\u00e7\u00e3o com maxi tee, a camiseta com fendas que ficou linda combinado com uma cal\u00e7a skinny preta e acess\u00f3rios tamb\u00e9m na cor preta.<a href=\"http:\/\/flamboyant.com.br\/blog\/wp-content\/uploads\/2018\/07\/Inspira\u00e7\u00f5es-Fashion-do-Food-Garden-5.jpg\" rel=\"lightbox[24845]\"><img decoding=\"async\" loading=\"lazy\" class=\"alignnone size-full wp-image-24850\" src=\"http:\/\/flamboyant.com.br\/blog\/wp-content\/uploads\/2018\/07\/Inspira\u00e7\u00f5es-Fashion-do-Food-Garden-5.jpg\" alt=\"\" width=\"3264\" height=\"4928\" srcset=\"https:\/\/flamboyant.com.br\/blog\/wp-content\/uploads\/2018\/07\/Inspira\u00e7\u00f5es-Fashion-do-Food-Garden-5.jpg 3264w, https:\/\/flamboyant.com.br\/blog\/wp-content\/uploads\/2018\/07\/Inspira\u00e7\u00f5es-Fashion-do-Food-Garden-5-199x300.jpg 199w, https:\/\/flamboyant.com.br\/blog\/wp-content\/uploads\/2018\/07\/Inspira\u00e7\u00f5es-Fashion-do-Food-Garden-5-768x1160.jpg 768w, https:\/\/flamboyant.com.br\/blog\/wp-content\/uploads\/2018\/07\/Inspira\u00e7\u00f5es-Fashion-do-Food-Garden-5-678x1024.jpg 678w\" sizes=\"(max-width: 3264px) 100vw, 3264px\" \/><\/a><br \/>\nAs produ\u00e7\u00f5es do p\u00fablico no Food Garden 2018 est\u00e3o maravilhosas e deixam o nosso ambiente ainda mais bonito.<\/p>\n<p>Hoje \u00e9 o \u00faltimo dia do nosso festival gastron\u00f4mico, mas ainda d\u00e1 tempo de voc\u00ea vir curtir as comidinhas e arrasar no look com nossas inspira\u00e7\u00f5es, o evento come\u00e7a \u00e0s 17H.<\/p>\n<p>E na pr\u00f3xima semana tem mais <a href=\"http:\/\/flamboyant.com.br\/blog\/2018\/07\/flamboyant-garden-festival-2018\/\">Flamboyant Garden Festival<\/a> com \u201cTeatro no Garden\u201d e \u201cCinema no Garden\u201d. Fique ligado na nossa programa\u00e7\u00e3o no <a href=\"https:\/\/www.facebook.com\/FlamboyantShopping\/?ref=br_rs\">Facebook<\/a> e no <a href=\"https:\/\/www.instagram.com\/flamboyantshopping\/?hl=pt-br\">Instagram<\/a>, sempre postamos informa\u00e7\u00f5es e novidades.<\/p>\n","protected":false},"excerpt":{"rendered":"<p>Sabe aquelas inspira\u00e7\u00f5es de looks que todos amam copiar? Aqui no Food Garden 2018 tamb\u00e9m teve! O p\u00fablico caprichou na&#8230;<\/p>\n","protected":false},"author":4,"featured_media":24851,"comment_status":"open","ping_status":"open","sticky":false,"template":"","format":"standard","meta":{"_mi_skip_tracking":false},"categories":[2102,2094,8],"tags":[2083,2273,2342,2345,2344],"yoast_head":"<!-- This site is optimized with the Yoast SEO plugin v20.11 - https:\/\/yoast.com\/wordpress\/plugins\/seo\/ -->\n<title>Inspira\u00e7\u00f5es Fashion do Food Garden - Blog Flamboyant<\/title>\n<meta name=\"robots\" content=\"index, follow, max-snippet:-1, max-image-preview:large, max-video-preview:-1\" \/>\n<link rel=\"canonical\" href=\"https:\/\/flamboyant.com.br\/blog\/2018\/07\/inspiracoes-fashion-do-food-garden\/\" \/>\n<meta property=\"og:locale\" content=\"pt_BR\" \/>\n<meta property=\"og:type\" content=\"article\" \/>\n<meta property=\"og:title\" content=\"Inspira\u00e7\u00f5es Fashion do Food Garden - Blog Flamboyant\" \/>\n<meta property=\"og:description\" content=\"Sabe aquelas inspira\u00e7\u00f5es de looks que todos amam copiar? Aqui no Food Garden 2018 tamb\u00e9m teve! O p\u00fablico caprichou na...\" \/>\n<meta property=\"og:url\" content=\"https:\/\/flamboyant.com.br\/blog\/2018\/07\/inspiracoes-fashion-do-food-garden\/\" \/>\n<meta property=\"og:site_name\" content=\"Blog Flamboyant\" \/>\n<meta property=\"article:published_time\" content=\"2018-07-19T20:20:14+00:00\" \/>\n<meta property=\"article:modified_time\" content=\"2018-07-20T20:49:50+00:00\" \/>\n<meta property=\"og:image\" content=\"https:\/\/flamboyant.com.br\/blog\/wp-content\/uploads\/2018\/07\/Inspira\u00e7\u00f5es-Fashion-do-Food-Garden-foto-de-destaque.jpg\" \/>\n\t<meta property=\"og:image:width\" content=\"760\" \/>\n\t<meta property=\"og:image:height\" content=\"504\" \/>\n\t<meta property=\"og:image:type\" content=\"image\/jpeg\" \/>\n<meta name=\"author\" content=\"Equipe Blog Flamboyant\" \/>\n<meta name=\"twitter:card\" content=\"summary_large_image\" \/>\n<meta name=\"twitter:label1\" content=\"Written by\" \/>\n\t<meta name=\"twitter:data1\" content=\"Equipe Blog Flamboyant\" \/>\n\t<meta name=\"twitter:label2\" content=\"Est. reading time\" \/>\n\t<meta name=\"twitter:data2\" content=\"1 minuto\" \/>\n<script type=\"application\/ld+json\" class=\"yoast-schema-graph\">{\"@context\":\"https:\/\/schema.org\",\"@graph\":[{\"@type\":\"WebPage\",\"@id\":\"https:\/\/flamboyant.com.br\/blog\/2018\/07\/inspiracoes-fashion-do-food-garden\/\",\"url\":\"https:\/\/flamboyant.com.br\/blog\/2018\/07\/inspiracoes-fashion-do-food-garden\/\",\"name\":\"Inspira\u00e7\u00f5es Fashion do Food Garden - Blog Flamboyant\",\"isPartOf\":{\"@id\":\"https:\/\/flamboyant.com.br\/blog\/#website\"},\"datePublished\":\"2018-07-19T20:20:14+00:00\",\"dateModified\":\"2018-07-20T20:49:50+00:00\",\"author\":{\"@id\":\"https:\/\/flamboyant.com.br\/blog\/#\/schema\/person\/49258be627c01b98ebbb2bd78cbddf24\"},\"inLanguage\":\"pt-BR\",\"potentialAction\":[{\"@type\":\"ReadAction\",\"target\":[\"https:\/\/flamboyant.com.br\/blog\/2018\/07\/inspiracoes-fashion-do-food-garden\/\"]}]},{\"@type\":\"WebSite\",\"@id\":\"https:\/\/flamboyant.com.br\/blog\/#website\",\"url\":\"https:\/\/flamboyant.com.br\/blog\/\",\"name\":\"Blog Flamboyant\",\"description\":\"Novidades da Vitrine de Goi\u00e1s\",\"potentialAction\":[{\"@type\":\"SearchAction\",\"target\":{\"@type\":\"EntryPoint\",\"urlTemplate\":\"https:\/\/flamboyant.com.br\/blog\/?s={search_term_string}\"},\"query-input\":\"required name=search_term_string\"}],\"inLanguage\":\"pt-BR\"},{\"@type\":\"Person\",\"@id\":\"https:\/\/flamboyant.com.br\/blog\/#\/schema\/person\/49258be627c01b98ebbb2bd78cbddf24\",\"name\":\"Equipe Blog Flamboyant\",\"image\":{\"@type\":\"ImageObject\",\"inLanguage\":\"pt-BR\",\"@id\":\"https:\/\/flamboyant.com.br\/blog\/#\/schema\/person\/image\/\",\"url\":\"https:\/\/secure.gravatar.com\/avatar\/9e0ffb239b8d69c641e4a234173437d3?s=96&d=blank&r=g\",\"contentUrl\":\"https:\/\/secure.gravatar.com\/avatar\/9e0ffb239b8d69c641e4a234173437d3?s=96&d=blank&r=g\",\"caption\":\"Equipe Blog Flamboyant\"},\"url\":\"https:\/\/flamboyant.com.br\/blog\/author\/equipe-blog-flamboyant\/\"}]}<\/script>\n<!-- \/ Yoast SEO plugin. -->","yoast_head_json":{"title":"Inspira\u00e7\u00f5es Fashion do Food Garden - Blog Flamboyant","robots":{"index":"index","follow":"follow","max-snippet":"max-snippet:-1","max-image-preview":"max-image-preview:large","max-video-preview":"max-video-preview:-1"},"canonical":"https:\/\/flamboyant.com.br\/blog\/2018\/07\/inspiracoes-fashion-do-food-garden\/","og_locale":"pt_BR","og_type":"article","og_title":"Inspira\u00e7\u00f5es Fashion do Food Garden - Blog Flamboyant","og_description":"Sabe aquelas inspira\u00e7\u00f5es de looks que todos amam copiar? Aqui no Food Garden 2018 tamb\u00e9m teve! O p\u00fablico caprichou na...","og_url":"https:\/\/flamboyant.com.br\/blog\/2018\/07\/inspiracoes-fashion-do-food-garden\/","og_site_name":"Blog Flamboyant","article_published_time":"2018-07-19T20:20:14+00:00","article_modified_time":"2018-07-20T20:49:50+00:00","og_image":[{"width":760,"height":504,"url":"https:\/\/flamboyant.com.br\/blog\/wp-content\/uploads\/2018\/07\/Inspira\u00e7\u00f5es-Fashion-do-Food-Garden-foto-de-destaque.jpg","type":"image\/jpeg"}],"author":"Equipe Blog Flamboyant","twitter_card":"summary_large_image","twitter_misc":{"Written by":"Equipe Blog Flamboyant","Est. reading time":"1 minuto"},"schema":{"@context":"https:\/\/schema.org","@graph":[{"@type":"WebPage","@id":"https:\/\/flamboyant.com.br\/blog\/2018\/07\/inspiracoes-fashion-do-food-garden\/","url":"https:\/\/flamboyant.com.br\/blog\/2018\/07\/inspiracoes-fashion-do-food-garden\/","name":"Inspira\u00e7\u00f5es Fashion do Food Garden - Blog Flamboyant","isPartOf":{"@id":"https:\/\/flamboyant.com.br\/blog\/#website"},"datePublished":"2018-07-19T20:20:14+00:00","dateModified":"2018-07-20T20:49:50+00:00","author":{"@id":"https:\/\/flamboyant.com.br\/blog\/#\/schema\/person\/49258be627c01b98ebbb2bd78cbddf24"},"inLanguage":"pt-BR","potentialAction":[{"@type":"ReadAction","target":["https:\/\/flamboyant.com.br\/blog\/2018\/07\/inspiracoes-fashion-do-food-garden\/"]}]},{"@type":"WebSite","@id":"https:\/\/flamboyant.com.br\/blog\/#website","url":"https:\/\/flamboyant.com.br\/blog\/","name":"Blog Flamboyant","description":"Novidades da Vitrine de Goi\u00e1s","potentialAction":[{"@type":"SearchAction","target":{"@type":"EntryPoint","urlTemplate":"https:\/\/flamboyant.com.br\/blog\/?s={search_term_string}"},"query-input":"required name=search_term_string"}],"inLanguage":"pt-BR"},{"@type":"Person","@id":"https:\/\/flamboyant.com.br\/blog\/#\/schema\/person\/49258be627c01b98ebbb2bd78cbddf24","name":"Equipe Blog Flamboyant","image":{"@type":"ImageObject","inLanguage":"pt-BR","@id":"https:\/\/flamboyant.com.br\/blog\/#\/schema\/person\/image\/","url":"https:\/\/secure.gravatar.com\/avatar\/9e0ffb239b8d69c641e4a234173437d3?s=96&d=blank&r=g","contentUrl":"https:\/\/secure.gravatar.com\/avatar\/9e0ffb239b8d69c641e4a234173437d3?s=96&d=blank&r=g","caption":"Equipe Blog Flamboyant"},"url":"https:\/\/flamboyant.com.br\/blog\/author\/equipe-blog-flamboyant\/"}]}},"_links":{"self":[{"href":"https:\/\/flamboyant.com.br\/blog\/wp-json\/wp\/v2\/posts\/24845"}],"collection":[{"href":"https:\/\/flamboyant.com.br\/blog\/wp-json\/wp\/v2\/posts"}],"about":[{"href":"https:\/\/flamboyant.com.br\/blog\/wp-json\/wp\/v2\/types\/post"}],"author":[{"embeddable":true,"href":"https:\/\/flamboyant.com.br\/blog\/wp-json\/wp\/v2\/users\/4"}],"replies":[{"embeddable":true,"href":"https:\/\/flamboyant.com.br\/blog\/wp-json\/wp\/v2\/comments?post=24845"}],"version-history":[{"count":4,"href":"https:\/\/flamboyant.com.br\/blog\/wp-json\/wp\/v2\/posts\/24845\/revisions"}],"predecessor-version":[{"id":24862,"href":"https:\/\/flamboyant.com.br\/blog\/wp-json\/wp\/v2\/posts\/24845\/revisions\/24862"}],"wp:featuredmedia":[{"embeddable":true,"href":"https:\/\/flamboyant.com.br\/blog\/wp-json\/wp\/v2\/media\/24851"}],"wp:attachment":[{"href":"https:\/\/flamboyant.com.br\/blog\/wp-json\/wp\/v2\/media?parent=24845"}],"wp:term":[{"taxonomy":"category","embeddable":true,"href":"https:\/\/flamboyant.com.br\/blog\/wp-json\/wp\/v2\/categories?post=24845"},{"taxonomy":"post_tag","embeddable":true,"href":"https:\/\/flamboyant.com.br\/blog\/wp-json\/wp\/v2\/tags?post=24845"}],"curies":[{"name":"wp","href":"https:\/\/api.w.org\/{rel}","templated":true}]}}