
{"id":25124,"date":"2018-08-20T18:10:37","date_gmt":"2018-08-20T21:10:37","guid":{"rendered":"http:\/\/flamboyant.com.br\/blog\/?p=25124"},"modified":"2018-08-22T18:11:38","modified_gmt":"2018-08-22T21:11:38","slug":"looks-trend-para-o-flamboyant-in-concert-de-agosto-2018","status":"publish","type":"post","link":"https:\/\/flamboyant.com.br\/blog\/2018\/08\/looks-trend-para-o-flamboyant-in-concert-de-agosto-2018\/","title":{"rendered":"Looks Trend para o Flamboyant In Concert de agosto\/2018"},"content":{"rendered":"<p>O m\u00eas de agosto est\u00e1 chegando ao fim e o Flamboyant In Concert vem a\u00ed!<\/p>\n<p>Para voc\u00ea arrasar na escolha dos looks, selecionamos algumas produ\u00e7\u00f5es e pe\u00e7as avulsas aqui no Flamboyant Shopping para te auxiliar na hora de se preparar para o show mais rom\u00e2ntico do ano.<br \/>\n<!--more--><\/p>\n<p>Looks cl\u00e1ssicos com conforto e uma pegada fashion \u00e9 estilo ideal para voc\u00ea curtir o show do in\u00edcio ao fim.<\/p>\n<p>A primeira dica \u00e9 essa produ\u00e7\u00e3o com bermuda de alfaiataria e camisa estampada em tom terroso. Para ficar mais contempor\u00e2neo \u00e9 s\u00f3 deixar uma parte da camisa por fora. (Sacada piso 2)<a href=\"http:\/\/flamboyant.com.br\/blog\/wp-content\/uploads\/2018\/08\/Looks-Trend-para-o-Flamboyant-In-Concert-de-agosto2018-1.jpeg\" rel=\"lightbox[25124]\"><img decoding=\"async\" loading=\"lazy\" class=\"alignnone size-full wp-image-25132\" src=\"http:\/\/flamboyant.com.br\/blog\/wp-content\/uploads\/2018\/08\/Looks-Trend-para-o-Flamboyant-In-Concert-de-agosto2018-1.jpeg\" alt=\"\" width=\"816\" height=\"1232\" srcset=\"https:\/\/flamboyant.com.br\/blog\/wp-content\/uploads\/2018\/08\/Looks-Trend-para-o-Flamboyant-In-Concert-de-agosto2018-1.jpeg 816w, https:\/\/flamboyant.com.br\/blog\/wp-content\/uploads\/2018\/08\/Looks-Trend-para-o-Flamboyant-In-Concert-de-agosto2018-1-199x300.jpeg 199w, https:\/\/flamboyant.com.br\/blog\/wp-content\/uploads\/2018\/08\/Looks-Trend-para-o-Flamboyant-In-Concert-de-agosto2018-1-768x1160.jpeg 768w, https:\/\/flamboyant.com.br\/blog\/wp-content\/uploads\/2018\/08\/Looks-Trend-para-o-Flamboyant-In-Concert-de-agosto2018-1-678x1024.jpeg 678w\" sizes=\"(max-width: 816px) 100vw, 816px\" \/><\/a><\/p>\n<p>Esse vestido midi com listras P&amp;B \u00e9 perfeito para apreciar o som rom\u00e2ntico do F\u00e1bio J\u00fanior e Fiuk com muito conforto.(Sacada piso 2)<a href=\"http:\/\/flamboyant.com.br\/blog\/wp-content\/uploads\/2018\/08\/Looks-Trend-para-o-Flamboyant-In-Concert-de-agosto2018-2.jpeg\" rel=\"lightbox[25124]\"><img decoding=\"async\" loading=\"lazy\" class=\"alignnone size-full wp-image-25125\" src=\"http:\/\/flamboyant.com.br\/blog\/wp-content\/uploads\/2018\/08\/Looks-Trend-para-o-Flamboyant-In-Concert-de-agosto2018-2.jpeg\" alt=\"\" width=\"816\" height=\"1232\" srcset=\"https:\/\/flamboyant.com.br\/blog\/wp-content\/uploads\/2018\/08\/Looks-Trend-para-o-Flamboyant-In-Concert-de-agosto2018-2.jpeg 816w, https:\/\/flamboyant.com.br\/blog\/wp-content\/uploads\/2018\/08\/Looks-Trend-para-o-Flamboyant-In-Concert-de-agosto2018-2-199x300.jpeg 199w, https:\/\/flamboyant.com.br\/blog\/wp-content\/uploads\/2018\/08\/Looks-Trend-para-o-Flamboyant-In-Concert-de-agosto2018-2-768x1160.jpeg 768w, https:\/\/flamboyant.com.br\/blog\/wp-content\/uploads\/2018\/08\/Looks-Trend-para-o-Flamboyant-In-Concert-de-agosto2018-2-678x1024.jpeg 678w\" sizes=\"(max-width: 816px) 100vw, 816px\" \/><\/a><\/p>\n<p>A pr\u00f3xima sugest\u00e3o \u00e9 um macac\u00e3o com sobreposi\u00e7\u00e3o de uma jaqueta jeans que voc\u00ea pode combinar tanto com um t\u00eanis para um estilo mais <em>cool<\/em>, com uma sapatilha para um visual mais cl\u00e1ssico ou um salto para deixar a composi\u00e7\u00e3o mais elegante.(Ateen piso 3)<a href=\"http:\/\/flamboyant.com.br\/blog\/wp-content\/uploads\/2018\/08\/Looks-Trend-para-o-Flamboyant-In-Concert-de-agosto2018-3.jpeg\" rel=\"lightbox[25124]\"><img decoding=\"async\" loading=\"lazy\" class=\"alignnone size-full wp-image-25126\" src=\"http:\/\/flamboyant.com.br\/blog\/wp-content\/uploads\/2018\/08\/Looks-Trend-para-o-Flamboyant-In-Concert-de-agosto2018-3.jpeg\" alt=\"\" width=\"816\" height=\"1232\" srcset=\"https:\/\/flamboyant.com.br\/blog\/wp-content\/uploads\/2018\/08\/Looks-Trend-para-o-Flamboyant-In-Concert-de-agosto2018-3.jpeg 816w, https:\/\/flamboyant.com.br\/blog\/wp-content\/uploads\/2018\/08\/Looks-Trend-para-o-Flamboyant-In-Concert-de-agosto2018-3-199x300.jpeg 199w, https:\/\/flamboyant.com.br\/blog\/wp-content\/uploads\/2018\/08\/Looks-Trend-para-o-Flamboyant-In-Concert-de-agosto2018-3-768x1160.jpeg 768w, https:\/\/flamboyant.com.br\/blog\/wp-content\/uploads\/2018\/08\/Looks-Trend-para-o-Flamboyant-In-Concert-de-agosto2018-3-678x1024.jpeg 678w\" sizes=\"(max-width: 816px) 100vw, 816px\" \/><\/a><\/p>\n<p>Voc\u00ea tamb\u00e9m pode optar por um estilo <em>boho chic<\/em> com essa saia longa estampada e uma blusa com cor mais forte, sem deixar de lado aquele acess\u00f3rio que d\u00e1 um <em>up<\/em> na produ\u00e7\u00e3o.(Ateen piso 3)<a href=\"http:\/\/flamboyant.com.br\/blog\/wp-content\/uploads\/2018\/08\/Looks-Trend-para-o-Flamboyant-In-Concert-de-agosto2018-4.jpeg\" rel=\"lightbox[25124]\"><img decoding=\"async\" loading=\"lazy\" class=\"alignnone size-full wp-image-25127\" src=\"http:\/\/flamboyant.com.br\/blog\/wp-content\/uploads\/2018\/08\/Looks-Trend-para-o-Flamboyant-In-Concert-de-agosto2018-4.jpeg\" alt=\"\" width=\"816\" height=\"1232\" srcset=\"https:\/\/flamboyant.com.br\/blog\/wp-content\/uploads\/2018\/08\/Looks-Trend-para-o-Flamboyant-In-Concert-de-agosto2018-4.jpeg 816w, https:\/\/flamboyant.com.br\/blog\/wp-content\/uploads\/2018\/08\/Looks-Trend-para-o-Flamboyant-In-Concert-de-agosto2018-4-199x300.jpeg 199w, https:\/\/flamboyant.com.br\/blog\/wp-content\/uploads\/2018\/08\/Looks-Trend-para-o-Flamboyant-In-Concert-de-agosto2018-4-768x1160.jpeg 768w, https:\/\/flamboyant.com.br\/blog\/wp-content\/uploads\/2018\/08\/Looks-Trend-para-o-Flamboyant-In-Concert-de-agosto2018-4-678x1024.jpeg 678w\" sizes=\"(max-width: 816px) 100vw, 816px\" \/><\/a><\/p>\n<p>Agora algumas dicas de pe\u00e7as coringas para transformar o look.<\/p>\n<p>Essa camiseta da Adidas(piso 2) j\u00e1 pode entrar para sua <em>wishlist<\/em>, pois al\u00e9m de ser confort\u00e1vel ela com certeza te far\u00e1 ser notada no meio da multid\u00e3o do In Concert e quem sabe n\u00e3o te encontramos para fazer uns cliques para o post dos melhores looks do show\u2026<a href=\"http:\/\/flamboyant.com.br\/blog\/wp-content\/uploads\/2018\/08\/Looks-Trend-para-o-Flamboyant-In-Concert-de-agosto2018-5.jpeg\" rel=\"lightbox[25124]\"><img decoding=\"async\" loading=\"lazy\" class=\"alignnone size-full wp-image-25128\" src=\"http:\/\/flamboyant.com.br\/blog\/wp-content\/uploads\/2018\/08\/Looks-Trend-para-o-Flamboyant-In-Concert-de-agosto2018-5.jpeg\" alt=\"\" width=\"1232\" height=\"816\" srcset=\"https:\/\/flamboyant.com.br\/blog\/wp-content\/uploads\/2018\/08\/Looks-Trend-para-o-Flamboyant-In-Concert-de-agosto2018-5.jpeg 1232w, https:\/\/flamboyant.com.br\/blog\/wp-content\/uploads\/2018\/08\/Looks-Trend-para-o-Flamboyant-In-Concert-de-agosto2018-5-300x199.jpeg 300w, https:\/\/flamboyant.com.br\/blog\/wp-content\/uploads\/2018\/08\/Looks-Trend-para-o-Flamboyant-In-Concert-de-agosto2018-5-768x509.jpeg 768w, https:\/\/flamboyant.com.br\/blog\/wp-content\/uploads\/2018\/08\/Looks-Trend-para-o-Flamboyant-In-Concert-de-agosto2018-5-1024x678.jpeg 1024w, https:\/\/flamboyant.com.br\/blog\/wp-content\/uploads\/2018\/08\/Looks-Trend-para-o-Flamboyant-In-Concert-de-agosto2018-5-120x80.jpeg 120w, https:\/\/flamboyant.com.br\/blog\/wp-content\/uploads\/2018\/08\/Looks-Trend-para-o-Flamboyant-In-Concert-de-agosto2018-5-255x170.jpeg 255w, https:\/\/flamboyant.com.br\/blog\/wp-content\/uploads\/2018\/08\/Looks-Trend-para-o-Flamboyant-In-Concert-de-agosto2018-5-345x230.jpeg 345w, https:\/\/flamboyant.com.br\/blog\/wp-content\/uploads\/2018\/08\/Looks-Trend-para-o-Flamboyant-In-Concert-de-agosto2018-5-590x390.jpeg 590w\" sizes=\"(max-width: 1232px) 100vw, 1232px\" \/><\/a><\/p>\n<p>Ainda na Adidas temos esse conjunto estampado combinado com uma camiseta b\u00e1sica que todas precisam ter no closet. Voc\u00ea pode optar por usar a combina\u00e7\u00e3o completa ou separadamente, independente da escolha as pe\u00e7as s\u00e3o lindas e v\u00e3o compor sua produ\u00e7\u00e3o com muito requinte.<a href=\"http:\/\/flamboyant.com.br\/blog\/wp-content\/uploads\/2018\/08\/Looks-Trend-para-o-Flamboyant-In-Concert-de-agosto2018-6.jpeg\" rel=\"lightbox[25124]\"><img decoding=\"async\" loading=\"lazy\" class=\"alignnone size-full wp-image-25129\" src=\"http:\/\/flamboyant.com.br\/blog\/wp-content\/uploads\/2018\/08\/Looks-Trend-para-o-Flamboyant-In-Concert-de-agosto2018-6.jpeg\" alt=\"\" width=\"1232\" height=\"816\" srcset=\"https:\/\/flamboyant.com.br\/blog\/wp-content\/uploads\/2018\/08\/Looks-Trend-para-o-Flamboyant-In-Concert-de-agosto2018-6.jpeg 1232w, https:\/\/flamboyant.com.br\/blog\/wp-content\/uploads\/2018\/08\/Looks-Trend-para-o-Flamboyant-In-Concert-de-agosto2018-6-300x199.jpeg 300w, https:\/\/flamboyant.com.br\/blog\/wp-content\/uploads\/2018\/08\/Looks-Trend-para-o-Flamboyant-In-Concert-de-agosto2018-6-768x509.jpeg 768w, https:\/\/flamboyant.com.br\/blog\/wp-content\/uploads\/2018\/08\/Looks-Trend-para-o-Flamboyant-In-Concert-de-agosto2018-6-1024x678.jpeg 1024w, https:\/\/flamboyant.com.br\/blog\/wp-content\/uploads\/2018\/08\/Looks-Trend-para-o-Flamboyant-In-Concert-de-agosto2018-6-120x80.jpeg 120w, https:\/\/flamboyant.com.br\/blog\/wp-content\/uploads\/2018\/08\/Looks-Trend-para-o-Flamboyant-In-Concert-de-agosto2018-6-255x170.jpeg 255w, https:\/\/flamboyant.com.br\/blog\/wp-content\/uploads\/2018\/08\/Looks-Trend-para-o-Flamboyant-In-Concert-de-agosto2018-6-345x230.jpeg 345w, https:\/\/flamboyant.com.br\/blog\/wp-content\/uploads\/2018\/08\/Looks-Trend-para-o-Flamboyant-In-Concert-de-agosto2018-6-590x390.jpeg 590w\" sizes=\"(max-width: 1232px) 100vw, 1232px\" \/><\/a><\/p>\n<p>Vestido midi estampado com cores vivas. Forte e causador, vai te deixar linda e com estilo rom\u00e2ntico.(Richards piso 3)<a href=\"http:\/\/flamboyant.com.br\/blog\/wp-content\/uploads\/2018\/08\/Looks-Trend-para-o-Flamboyant-In-Concert-de-agosto2018-7.jpeg\" rel=\"lightbox[25124]\"><img decoding=\"async\" loading=\"lazy\" class=\"alignnone size-full wp-image-25130\" src=\"http:\/\/flamboyant.com.br\/blog\/wp-content\/uploads\/2018\/08\/Looks-Trend-para-o-Flamboyant-In-Concert-de-agosto2018-7.jpeg\" alt=\"\" width=\"816\" height=\"1232\" srcset=\"https:\/\/flamboyant.com.br\/blog\/wp-content\/uploads\/2018\/08\/Looks-Trend-para-o-Flamboyant-In-Concert-de-agosto2018-7.jpeg 816w, https:\/\/flamboyant.com.br\/blog\/wp-content\/uploads\/2018\/08\/Looks-Trend-para-o-Flamboyant-In-Concert-de-agosto2018-7-199x300.jpeg 199w, https:\/\/flamboyant.com.br\/blog\/wp-content\/uploads\/2018\/08\/Looks-Trend-para-o-Flamboyant-In-Concert-de-agosto2018-7-768x1160.jpeg 768w, https:\/\/flamboyant.com.br\/blog\/wp-content\/uploads\/2018\/08\/Looks-Trend-para-o-Flamboyant-In-Concert-de-agosto2018-7-678x1024.jpeg 678w\" sizes=\"(max-width: 816px) 100vw, 816px\" \/><\/a><\/p>\n<p>Camisa branca \u00e9 a pe\u00e7a que n\u00e3o pode faltar no guarda roupa de ningu\u00e9m, as combina\u00e7\u00f5es que podem ser feitas com ela s\u00e3o infinitas e certeiras. Para deixar o visual mais moderno, um cinto na cintura fica perfeito e voc\u00ea pode colocar uma saia, uma cal\u00e7a jeans skinny, ou outra pe\u00e7a que te agrade.(Richards piso 3)<a href=\"http:\/\/flamboyant.com.br\/blog\/wp-content\/uploads\/2018\/08\/Looks-Trend-para-o-Flamboyant-In-Concert-de-agosto2018-8.jpeg\" rel=\"lightbox[25124]\"><img decoding=\"async\" loading=\"lazy\" class=\"alignnone size-full wp-image-25131\" src=\"http:\/\/flamboyant.com.br\/blog\/wp-content\/uploads\/2018\/08\/Looks-Trend-para-o-Flamboyant-In-Concert-de-agosto2018-8.jpeg\" alt=\"\" width=\"816\" height=\"1232\" srcset=\"https:\/\/flamboyant.com.br\/blog\/wp-content\/uploads\/2018\/08\/Looks-Trend-para-o-Flamboyant-In-Concert-de-agosto2018-8.jpeg 816w, https:\/\/flamboyant.com.br\/blog\/wp-content\/uploads\/2018\/08\/Looks-Trend-para-o-Flamboyant-In-Concert-de-agosto2018-8-199x300.jpeg 199w, https:\/\/flamboyant.com.br\/blog\/wp-content\/uploads\/2018\/08\/Looks-Trend-para-o-Flamboyant-In-Concert-de-agosto2018-8-768x1160.jpeg 768w, https:\/\/flamboyant.com.br\/blog\/wp-content\/uploads\/2018\/08\/Looks-Trend-para-o-Flamboyant-In-Concert-de-agosto2018-8-678x1024.jpeg 678w\" sizes=\"(max-width: 816px) 100vw, 816px\" \/><\/a><\/p>\n<p>Leia, releia e se inspire com as pe\u00e7as aqui do Flamboyant Shopping para o show deste m\u00eas.<br \/>\nN\u00e3o se esque\u00e7a que estaremos no Flamboyant In Concert fotografando os melhores looks para publicar aqui no blog, siga nossas dicas e arrase!<\/p>\n","protected":false},"excerpt":{"rendered":"<p>O m\u00eas de agosto est\u00e1 chegando ao fim e o Flamboyant In Concert vem a\u00ed! Para voc\u00ea arrasar na escolha&#8230;<\/p>\n","protected":false},"author":4,"featured_media":25134,"comment_status":"open","ping_status":"open","sticky":false,"template":"","format":"standard","meta":{"_mi_skip_tracking":false},"categories":[2102,2094,8],"tags":[102,2076,2273,189,1271,2077,1123],"yoast_head":"<!-- This site is optimized with the Yoast SEO plugin v20.11 - https:\/\/yoast.com\/wordpress\/plugins\/seo\/ -->\n<title>Looks Trend para o Flamboyant In Concert de agosto\/2018 - Blog Flamboyant<\/title>\n<meta name=\"robots\" content=\"index, follow, max-snippet:-1, max-image-preview:large, max-video-preview:-1\" \/>\n<link rel=\"canonical\" href=\"https:\/\/flamboyant.com.br\/blog\/2018\/08\/looks-trend-para-o-flamboyant-in-concert-de-agosto-2018\/\" \/>\n<meta property=\"og:locale\" content=\"pt_BR\" \/>\n<meta property=\"og:type\" content=\"article\" \/>\n<meta property=\"og:title\" content=\"Looks Trend para o Flamboyant In Concert de agosto\/2018 - Blog Flamboyant\" \/>\n<meta property=\"og:description\" content=\"O m\u00eas de agosto est\u00e1 chegando ao fim e o Flamboyant In Concert vem a\u00ed! Para voc\u00ea arrasar na escolha...\" \/>\n<meta property=\"og:url\" content=\"https:\/\/flamboyant.com.br\/blog\/2018\/08\/looks-trend-para-o-flamboyant-in-concert-de-agosto-2018\/\" \/>\n<meta property=\"og:site_name\" content=\"Blog Flamboyant\" \/>\n<meta property=\"article:published_time\" content=\"2018-08-20T21:10:37+00:00\" \/>\n<meta property=\"article:modified_time\" content=\"2018-08-22T21:11:38+00:00\" \/>\n<meta property=\"og:image\" content=\"https:\/\/flamboyant.com.br\/blog\/wp-content\/uploads\/2018\/08\/Looks-Trend-para-o-Flamboyant-In-Concert-de-agosto2018-foto-de-destaque.jpg\" \/>\n\t<meta property=\"og:image:width\" content=\"760\" \/>\n\t<meta property=\"og:image:height\" content=\"504\" \/>\n\t<meta property=\"og:image:type\" content=\"image\/jpeg\" \/>\n<meta name=\"author\" content=\"Equipe Blog Flamboyant\" \/>\n<meta name=\"twitter:card\" content=\"summary_large_image\" \/>\n<meta name=\"twitter:label1\" content=\"Written by\" \/>\n\t<meta name=\"twitter:data1\" content=\"Equipe Blog Flamboyant\" \/>\n\t<meta name=\"twitter:label2\" content=\"Est. reading time\" \/>\n\t<meta name=\"twitter:data2\" content=\"2 minutos\" \/>\n<script type=\"application\/ld+json\" class=\"yoast-schema-graph\">{\"@context\":\"https:\/\/schema.org\",\"@graph\":[{\"@type\":\"WebPage\",\"@id\":\"https:\/\/flamboyant.com.br\/blog\/2018\/08\/looks-trend-para-o-flamboyant-in-concert-de-agosto-2018\/\",\"url\":\"https:\/\/flamboyant.com.br\/blog\/2018\/08\/looks-trend-para-o-flamboyant-in-concert-de-agosto-2018\/\",\"name\":\"Looks Trend para o Flamboyant In Concert de agosto\/2018 - Blog Flamboyant\",\"isPartOf\":{\"@id\":\"https:\/\/flamboyant.com.br\/blog\/#website\"},\"datePublished\":\"2018-08-20T21:10:37+00:00\",\"dateModified\":\"2018-08-22T21:11:38+00:00\",\"author\":{\"@id\":\"https:\/\/flamboyant.com.br\/blog\/#\/schema\/person\/49258be627c01b98ebbb2bd78cbddf24\"},\"inLanguage\":\"pt-BR\",\"potentialAction\":[{\"@type\":\"ReadAction\",\"target\":[\"https:\/\/flamboyant.com.br\/blog\/2018\/08\/looks-trend-para-o-flamboyant-in-concert-de-agosto-2018\/\"]}]},{\"@type\":\"WebSite\",\"@id\":\"https:\/\/flamboyant.com.br\/blog\/#website\",\"url\":\"https:\/\/flamboyant.com.br\/blog\/\",\"name\":\"Blog Flamboyant\",\"description\":\"Novidades da Vitrine de Goi\u00e1s\",\"potentialAction\":[{\"@type\":\"SearchAction\",\"target\":{\"@type\":\"EntryPoint\",\"urlTemplate\":\"https:\/\/flamboyant.com.br\/blog\/?s={search_term_string}\"},\"query-input\":\"required name=search_term_string\"}],\"inLanguage\":\"pt-BR\"},{\"@type\":\"Person\",\"@id\":\"https:\/\/flamboyant.com.br\/blog\/#\/schema\/person\/49258be627c01b98ebbb2bd78cbddf24\",\"name\":\"Equipe Blog Flamboyant\",\"image\":{\"@type\":\"ImageObject\",\"inLanguage\":\"pt-BR\",\"@id\":\"https:\/\/flamboyant.com.br\/blog\/#\/schema\/person\/image\/\",\"url\":\"https:\/\/secure.gravatar.com\/avatar\/9e0ffb239b8d69c641e4a234173437d3?s=96&d=blank&r=g\",\"contentUrl\":\"https:\/\/secure.gravatar.com\/avatar\/9e0ffb239b8d69c641e4a234173437d3?s=96&d=blank&r=g\",\"caption\":\"Equipe Blog Flamboyant\"},\"url\":\"https:\/\/flamboyant.com.br\/blog\/author\/equipe-blog-flamboyant\/\"}]}<\/script>\n<!-- \/ Yoast SEO plugin. -->","yoast_head_json":{"title":"Looks Trend para o Flamboyant In Concert de agosto\/2018 - Blog Flamboyant","robots":{"index":"index","follow":"follow","max-snippet":"max-snippet:-1","max-image-preview":"max-image-preview:large","max-video-preview":"max-video-preview:-1"},"canonical":"https:\/\/flamboyant.com.br\/blog\/2018\/08\/looks-trend-para-o-flamboyant-in-concert-de-agosto-2018\/","og_locale":"pt_BR","og_type":"article","og_title":"Looks Trend para o Flamboyant In Concert de agosto\/2018 - Blog Flamboyant","og_description":"O m\u00eas de agosto est\u00e1 chegando ao fim e o Flamboyant In Concert vem a\u00ed! Para voc\u00ea arrasar na escolha...","og_url":"https:\/\/flamboyant.com.br\/blog\/2018\/08\/looks-trend-para-o-flamboyant-in-concert-de-agosto-2018\/","og_site_name":"Blog Flamboyant","article_published_time":"2018-08-20T21:10:37+00:00","article_modified_time":"2018-08-22T21:11:38+00:00","og_image":[{"width":760,"height":504,"url":"https:\/\/flamboyant.com.br\/blog\/wp-content\/uploads\/2018\/08\/Looks-Trend-para-o-Flamboyant-In-Concert-de-agosto2018-foto-de-destaque.jpg","type":"image\/jpeg"}],"author":"Equipe Blog Flamboyant","twitter_card":"summary_large_image","twitter_misc":{"Written by":"Equipe Blog Flamboyant","Est. reading time":"2 minutos"},"schema":{"@context":"https:\/\/schema.org","@graph":[{"@type":"WebPage","@id":"https:\/\/flamboyant.com.br\/blog\/2018\/08\/looks-trend-para-o-flamboyant-in-concert-de-agosto-2018\/","url":"https:\/\/flamboyant.com.br\/blog\/2018\/08\/looks-trend-para-o-flamboyant-in-concert-de-agosto-2018\/","name":"Looks Trend para o Flamboyant In Concert de agosto\/2018 - Blog Flamboyant","isPartOf":{"@id":"https:\/\/flamboyant.com.br\/blog\/#website"},"datePublished":"2018-08-20T21:10:37+00:00","dateModified":"2018-08-22T21:11:38+00:00","author":{"@id":"https:\/\/flamboyant.com.br\/blog\/#\/schema\/person\/49258be627c01b98ebbb2bd78cbddf24"},"inLanguage":"pt-BR","potentialAction":[{"@type":"ReadAction","target":["https:\/\/flamboyant.com.br\/blog\/2018\/08\/looks-trend-para-o-flamboyant-in-concert-de-agosto-2018\/"]}]},{"@type":"WebSite","@id":"https:\/\/flamboyant.com.br\/blog\/#website","url":"https:\/\/flamboyant.com.br\/blog\/","name":"Blog Flamboyant","description":"Novidades da Vitrine de Goi\u00e1s","potentialAction":[{"@type":"SearchAction","target":{"@type":"EntryPoint","urlTemplate":"https:\/\/flamboyant.com.br\/blog\/?s={search_term_string}"},"query-input":"required name=search_term_string"}],"inLanguage":"pt-BR"},{"@type":"Person","@id":"https:\/\/flamboyant.com.br\/blog\/#\/schema\/person\/49258be627c01b98ebbb2bd78cbddf24","name":"Equipe Blog Flamboyant","image":{"@type":"ImageObject","inLanguage":"pt-BR","@id":"https:\/\/flamboyant.com.br\/blog\/#\/schema\/person\/image\/","url":"https:\/\/secure.gravatar.com\/avatar\/9e0ffb239b8d69c641e4a234173437d3?s=96&d=blank&r=g","contentUrl":"https:\/\/secure.gravatar.com\/avatar\/9e0ffb239b8d69c641e4a234173437d3?s=96&d=blank&r=g","caption":"Equipe Blog Flamboyant"},"url":"https:\/\/flamboyant.com.br\/blog\/author\/equipe-blog-flamboyant\/"}]}},"_links":{"self":[{"href":"https:\/\/flamboyant.com.br\/blog\/wp-json\/wp\/v2\/posts\/25124"}],"collection":[{"href":"https:\/\/flamboyant.com.br\/blog\/wp-json\/wp\/v2\/posts"}],"about":[{"href":"https:\/\/flamboyant.com.br\/blog\/wp-json\/wp\/v2\/types\/post"}],"author":[{"embeddable":true,"href":"https:\/\/flamboyant.com.br\/blog\/wp-json\/wp\/v2\/users\/4"}],"replies":[{"embeddable":true,"href":"https:\/\/flamboyant.com.br\/blog\/wp-json\/wp\/v2\/comments?post=25124"}],"version-history":[{"count":5,"href":"https:\/\/flamboyant.com.br\/blog\/wp-json\/wp\/v2\/posts\/25124\/revisions"}],"predecessor-version":[{"id":25150,"href":"https:\/\/flamboyant.com.br\/blog\/wp-json\/wp\/v2\/posts\/25124\/revisions\/25150"}],"wp:featuredmedia":[{"embeddable":true,"href":"https:\/\/flamboyant.com.br\/blog\/wp-json\/wp\/v2\/media\/25134"}],"wp:attachment":[{"href":"https:\/\/flamboyant.com.br\/blog\/wp-json\/wp\/v2\/media?parent=25124"}],"wp:term":[{"taxonomy":"category","embeddable":true,"href":"https:\/\/flamboyant.com.br\/blog\/wp-json\/wp\/v2\/categories?post=25124"},{"taxonomy":"post_tag","embeddable":true,"href":"https:\/\/flamboyant.com.br\/blog\/wp-json\/wp\/v2\/tags?post=25124"}],"curies":[{"name":"wp","href":"https:\/\/api.w.org\/{rel}","templated":true}]}}