
{"id":25210,"date":"2018-09-01T09:33:14","date_gmt":"2018-09-01T12:33:14","guid":{"rendered":"http:\/\/flamboyant.com.br\/blog\/?p=25210"},"modified":"2018-09-04T09:33:56","modified_gmt":"2018-09-04T12:33:56","slug":"le-lis-blanc-lancamento-de-colecao-e-comemorada-em-coquetel-sensorial-no-flamboyant-shopping","status":"publish","type":"post","link":"https:\/\/flamboyant.com.br\/blog\/2018\/09\/le-lis-blanc-lancamento-de-colecao-e-comemorada-em-coquetel-sensorial-no-flamboyant-shopping\/","title":{"rendered":"Le Lis Blanc: Lan\u00e7amento de cole\u00e7\u00e3o \u00e9 comemorada em coquetel sensorial no Flamboyant Shopping"},"content":{"rendered":"<p>Le Lis Blanc j\u00e1 est\u00e1 dando as boas vindas \u00e0 nova esta\u00e7\u00e3o com uma cole\u00e7\u00e3o pra l\u00e1 de especial, com cores past\u00e9is e looks flu\u00eddos, uma pitada de romance com a calma e suavidade que a temporada pede. Quer conferir tudo? \u00c9 s\u00f3 continuar conosco!<!--more--><\/p>\n<p>Esta edi\u00e7\u00e3o da Le Lis Blanc foi descrita como um convite ao desapego, pois j\u00e1 est\u00e1 na de hora guardar as roupas mais encorpadas e quentes e aderir as pe\u00e7as mais leves e flu\u00eddas para curtir a esta\u00e7\u00e3o<em> fresh<\/em> que est\u00e1 chegando. E nada mais <em>cool<\/em> do que montar o look com as pe\u00e7as da nova cole\u00e7\u00e3o da Le Lis Blanc, que j\u00e1 est\u00e3o nas araras!<a href=\"http:\/\/flamboyant.com.br\/blog\/wp-content\/uploads\/2018\/08\/Le-Lis-Blanc-1.jpeg\" rel=\"lightbox[25210]\"><img decoding=\"async\" loading=\"lazy\" class=\"alignnone size-full wp-image-25217\" src=\"http:\/\/flamboyant.com.br\/blog\/wp-content\/uploads\/2018\/08\/Le-Lis-Blanc-1.jpeg\" alt=\"\" width=\"1024\" height=\"683\" srcset=\"https:\/\/flamboyant.com.br\/blog\/wp-content\/uploads\/2018\/08\/Le-Lis-Blanc-1.jpeg 1024w, https:\/\/flamboyant.com.br\/blog\/wp-content\/uploads\/2018\/08\/Le-Lis-Blanc-1-300x200.jpeg 300w, https:\/\/flamboyant.com.br\/blog\/wp-content\/uploads\/2018\/08\/Le-Lis-Blanc-1-768x512.jpeg 768w, https:\/\/flamboyant.com.br\/blog\/wp-content\/uploads\/2018\/08\/Le-Lis-Blanc-1-120x80.jpeg 120w, https:\/\/flamboyant.com.br\/blog\/wp-content\/uploads\/2018\/08\/Le-Lis-Blanc-1-255x170.jpeg 255w, https:\/\/flamboyant.com.br\/blog\/wp-content\/uploads\/2018\/08\/Le-Lis-Blanc-1-345x230.jpeg 345w\" sizes=\"(max-width: 1024px) 100vw, 1024px\" \/><\/a><\/p>\n<p>Fotografada em Moscou na R\u00fassia, pela atriz Fiorella Mattheis, a cole\u00e7\u00e3o \u201cFresh Shades\u201d, que remete a delicadeza com uma cartela <em>candy colors<\/em> contrastou com a impon\u00eancia da arquitetura da cidade. J\u00e1 para a noite, a inspira\u00e7\u00e3o ficou por conta dos anos 80, muito brilho e glamour!! O editorial mostra que a d\u00e9cada \u00e9 tend\u00eancia na contemporaneidade e que j\u00e1 podemos aderir todas as pe\u00e7as.<a href=\"http:\/\/flamboyant.com.br\/blog\/wp-content\/uploads\/2018\/08\/Le-Lis-Blanc-2.jpg\" rel=\"lightbox[25210]\"><img decoding=\"async\" loading=\"lazy\" class=\"alignnone size-full wp-image-25218\" src=\"http:\/\/flamboyant.com.br\/blog\/wp-content\/uploads\/2018\/08\/Le-Lis-Blanc-2.jpg\" alt=\"\" width=\"1080\" height=\"1080\" srcset=\"https:\/\/flamboyant.com.br\/blog\/wp-content\/uploads\/2018\/08\/Le-Lis-Blanc-2.jpg 1080w, https:\/\/flamboyant.com.br\/blog\/wp-content\/uploads\/2018\/08\/Le-Lis-Blanc-2-150x150.jpg 150w, https:\/\/flamboyant.com.br\/blog\/wp-content\/uploads\/2018\/08\/Le-Lis-Blanc-2-300x300.jpg 300w, https:\/\/flamboyant.com.br\/blog\/wp-content\/uploads\/2018\/08\/Le-Lis-Blanc-2-768x768.jpg 768w, https:\/\/flamboyant.com.br\/blog\/wp-content\/uploads\/2018\/08\/Le-Lis-Blanc-2-1024x1024.jpg 1024w\" sizes=\"(max-width: 1080px) 100vw, 1080px\" \/>Foto: @lelisblanc<\/a><\/p>\n<p><a href=\"http:\/\/flamboyant.com.br\/blog\/wp-content\/uploads\/2018\/08\/Le-Lis-Blanc-3.jpg\" rel=\"lightbox[25210]\"><img decoding=\"async\" loading=\"lazy\" class=\"alignnone size-full wp-image-25211\" src=\"http:\/\/flamboyant.com.br\/blog\/wp-content\/uploads\/2018\/08\/Le-Lis-Blanc-3.jpg\" alt=\"\" width=\"1080\" height=\"1080\" srcset=\"https:\/\/flamboyant.com.br\/blog\/wp-content\/uploads\/2018\/08\/Le-Lis-Blanc-3.jpg 1080w, https:\/\/flamboyant.com.br\/blog\/wp-content\/uploads\/2018\/08\/Le-Lis-Blanc-3-150x150.jpg 150w, https:\/\/flamboyant.com.br\/blog\/wp-content\/uploads\/2018\/08\/Le-Lis-Blanc-3-300x300.jpg 300w, https:\/\/flamboyant.com.br\/blog\/wp-content\/uploads\/2018\/08\/Le-Lis-Blanc-3-768x768.jpg 768w, https:\/\/flamboyant.com.br\/blog\/wp-content\/uploads\/2018\/08\/Le-Lis-Blanc-3-1024x1024.jpg 1024w\" sizes=\"(max-width: 1080px) 100vw, 1080px\" \/>Foto: @lelisblanc<\/a><\/p>\n<p>A nova cole\u00e7\u00e3o da marca foi recebida aqui na loja do Flamboyant Shopping com um coquetel sensorial preparado para estimular os 5 sentidos, atrav\u00e9s da audi\u00e7\u00e3o, tato, paladar, olfato e a vis\u00e3o com as pe\u00e7as maravilhosas da \u201cFresh Shades\u201d.<a href=\"http:\/\/flamboyant.com.br\/blog\/wp-content\/uploads\/2018\/08\/Le-Lis-Blanc-4.jpeg\" rel=\"lightbox[25210]\"><img decoding=\"async\" loading=\"lazy\" class=\"alignnone size-full wp-image-25212\" src=\"http:\/\/flamboyant.com.br\/blog\/wp-content\/uploads\/2018\/08\/Le-Lis-Blanc-4.jpeg\" alt=\"\" width=\"1024\" height=\"683\" srcset=\"https:\/\/flamboyant.com.br\/blog\/wp-content\/uploads\/2018\/08\/Le-Lis-Blanc-4.jpeg 1024w, https:\/\/flamboyant.com.br\/blog\/wp-content\/uploads\/2018\/08\/Le-Lis-Blanc-4-300x200.jpeg 300w, https:\/\/flamboyant.com.br\/blog\/wp-content\/uploads\/2018\/08\/Le-Lis-Blanc-4-768x512.jpeg 768w, https:\/\/flamboyant.com.br\/blog\/wp-content\/uploads\/2018\/08\/Le-Lis-Blanc-4-120x80.jpeg 120w, https:\/\/flamboyant.com.br\/blog\/wp-content\/uploads\/2018\/08\/Le-Lis-Blanc-4-255x170.jpeg 255w, https:\/\/flamboyant.com.br\/blog\/wp-content\/uploads\/2018\/08\/Le-Lis-Blanc-4-345x230.jpeg 345w\" sizes=\"(max-width: 1024px) 100vw, 1024px\" \/><\/a><br \/>\nO coquetel foi realizado com ajuda de alguns parceiros, contando com o apoio de v\u00e1rios de dentro do Flamboyant Shopping: Richesse (piso 3), Tea Shop (piso 2), Botiquim Mercatto (Polo Gastron\u00f4mico) e Alessandro Gemus (piso 1).<\/p>\n<p>Toda ambientada com as cores e pe\u00e7as decorativas da cole\u00e7\u00e3o, a loja ficou repleta de flores azuis que traziam a leveza da temporada. E para abrilhantar o coquetel, a digital influencer Rafaella Kalimann <a href=\"https:\/\/www.instagram.com\/rafakalimann\/\">@rafakalimann<\/a> foi convidada e arrasou nas sugest\u00f5es de looks que voc\u00ea j\u00e1 pode copiar aqui na Le Lis Blanc:<a href=\"http:\/\/flamboyant.com.br\/blog\/wp-content\/uploads\/2018\/08\/Le-Lis-Blanc-5.jpeg\" rel=\"lightbox[25210]\"><img decoding=\"async\" loading=\"lazy\" class=\"size-full wp-image-25213 aligncenter\" src=\"http:\/\/flamboyant.com.br\/blog\/wp-content\/uploads\/2018\/08\/Le-Lis-Blanc-5.jpeg\" alt=\"\" width=\"653\" height=\"980\" srcset=\"https:\/\/flamboyant.com.br\/blog\/wp-content\/uploads\/2018\/08\/Le-Lis-Blanc-5.jpeg 653w, https:\/\/flamboyant.com.br\/blog\/wp-content\/uploads\/2018\/08\/Le-Lis-Blanc-5-200x300.jpeg 200w\" sizes=\"(max-width: 653px) 100vw, 653px\" \/><\/a> <a href=\"http:\/\/flamboyant.com.br\/blog\/wp-content\/uploads\/2018\/08\/Le-Lis-Blanc-6.jpeg\" rel=\"lightbox[25210]\"><img decoding=\"async\" loading=\"lazy\" class=\"size-full wp-image-25214 aligncenter\" src=\"http:\/\/flamboyant.com.br\/blog\/wp-content\/uploads\/2018\/08\/Le-Lis-Blanc-6.jpeg\" alt=\"\" width=\"653\" height=\"980\" srcset=\"https:\/\/flamboyant.com.br\/blog\/wp-content\/uploads\/2018\/08\/Le-Lis-Blanc-6.jpeg 653w, https:\/\/flamboyant.com.br\/blog\/wp-content\/uploads\/2018\/08\/Le-Lis-Blanc-6-200x300.jpeg 200w\" sizes=\"(max-width: 653px) 100vw, 653px\" \/><\/a><\/p>\n<p>Muito romance e glamour para a pr\u00f3xima esta\u00e7\u00e3o est\u00e3o te esperando na Le Lis Blanc (piso 3) do Flamboyant Shopping!!<\/p>\n<p>Foto de destaque: @lelisblanc<\/p>\n","protected":false},"excerpt":{"rendered":"<p>Le Lis Blanc j\u00e1 est\u00e1 dando as boas vindas \u00e0 nova esta\u00e7\u00e3o com uma cole\u00e7\u00e3o pra l\u00e1 de especial, com&#8230;<\/p>\n","protected":false},"author":4,"featured_media":25215,"comment_status":"open","ping_status":"open","sticky":false,"template":"","format":"standard","meta":{"_mi_skip_tracking":false},"categories":[8,2117],"tags":[2401,2400,2273,2402,622,1649],"yoast_head":"<!-- This site is optimized with the Yoast SEO plugin v20.11 - https:\/\/yoast.com\/wordpress\/plugins\/seo\/ -->\n<title>Le Lis Blanc: Lan\u00e7amento de cole\u00e7\u00e3o \u00e9 comemorada em coquetel sensorial no Flamboyant Shopping - Blog Flamboyant<\/title>\n<meta name=\"robots\" content=\"index, follow, max-snippet:-1, max-image-preview:large, max-video-preview:-1\" \/>\n<link rel=\"canonical\" href=\"https:\/\/flamboyant.com.br\/blog\/2018\/09\/le-lis-blanc-lancamento-de-colecao-e-comemorada-em-coquetel-sensorial-no-flamboyant-shopping\/\" \/>\n<meta property=\"og:locale\" content=\"pt_BR\" \/>\n<meta property=\"og:type\" content=\"article\" \/>\n<meta property=\"og:title\" content=\"Le Lis Blanc: Lan\u00e7amento de cole\u00e7\u00e3o \u00e9 comemorada em coquetel sensorial no Flamboyant Shopping - Blog Flamboyant\" \/>\n<meta property=\"og:description\" content=\"Le Lis Blanc j\u00e1 est\u00e1 dando as boas vindas \u00e0 nova esta\u00e7\u00e3o com uma cole\u00e7\u00e3o pra l\u00e1 de especial, com...\" \/>\n<meta property=\"og:url\" content=\"https:\/\/flamboyant.com.br\/blog\/2018\/09\/le-lis-blanc-lancamento-de-colecao-e-comemorada-em-coquetel-sensorial-no-flamboyant-shopping\/\" \/>\n<meta property=\"og:site_name\" content=\"Blog Flamboyant\" \/>\n<meta property=\"article:published_time\" content=\"2018-09-01T12:33:14+00:00\" \/>\n<meta property=\"article:modified_time\" content=\"2018-09-04T12:33:56+00:00\" \/>\n<meta property=\"og:image\" content=\"https:\/\/flamboyant.com.br\/blog\/wp-content\/uploads\/2018\/08\/Le-lis-Blanc-foto-de-destaque.jpg\" \/>\n\t<meta property=\"og:image:width\" content=\"760\" \/>\n\t<meta property=\"og:image:height\" content=\"504\" \/>\n\t<meta property=\"og:image:type\" content=\"image\/jpeg\" \/>\n<meta name=\"author\" content=\"Equipe Blog Flamboyant\" \/>\n<meta name=\"twitter:card\" content=\"summary_large_image\" \/>\n<meta name=\"twitter:label1\" content=\"Written by\" \/>\n\t<meta name=\"twitter:data1\" content=\"Equipe Blog Flamboyant\" \/>\n\t<meta name=\"twitter:label2\" content=\"Est. reading time\" \/>\n\t<meta name=\"twitter:data2\" content=\"2 minutos\" \/>\n<script type=\"application\/ld+json\" class=\"yoast-schema-graph\">{\"@context\":\"https:\/\/schema.org\",\"@graph\":[{\"@type\":\"WebPage\",\"@id\":\"https:\/\/flamboyant.com.br\/blog\/2018\/09\/le-lis-blanc-lancamento-de-colecao-e-comemorada-em-coquetel-sensorial-no-flamboyant-shopping\/\",\"url\":\"https:\/\/flamboyant.com.br\/blog\/2018\/09\/le-lis-blanc-lancamento-de-colecao-e-comemorada-em-coquetel-sensorial-no-flamboyant-shopping\/\",\"name\":\"Le Lis Blanc: Lan\u00e7amento de cole\u00e7\u00e3o \u00e9 comemorada em coquetel sensorial no Flamboyant Shopping - Blog Flamboyant\",\"isPartOf\":{\"@id\":\"https:\/\/flamboyant.com.br\/blog\/#website\"},\"datePublished\":\"2018-09-01T12:33:14+00:00\",\"dateModified\":\"2018-09-04T12:33:56+00:00\",\"author\":{\"@id\":\"https:\/\/flamboyant.com.br\/blog\/#\/schema\/person\/49258be627c01b98ebbb2bd78cbddf24\"},\"inLanguage\":\"pt-BR\",\"potentialAction\":[{\"@type\":\"ReadAction\",\"target\":[\"https:\/\/flamboyant.com.br\/blog\/2018\/09\/le-lis-blanc-lancamento-de-colecao-e-comemorada-em-coquetel-sensorial-no-flamboyant-shopping\/\"]}]},{\"@type\":\"WebSite\",\"@id\":\"https:\/\/flamboyant.com.br\/blog\/#website\",\"url\":\"https:\/\/flamboyant.com.br\/blog\/\",\"name\":\"Blog Flamboyant\",\"description\":\"Novidades da Vitrine de Goi\u00e1s\",\"potentialAction\":[{\"@type\":\"SearchAction\",\"target\":{\"@type\":\"EntryPoint\",\"urlTemplate\":\"https:\/\/flamboyant.com.br\/blog\/?s={search_term_string}\"},\"query-input\":\"required name=search_term_string\"}],\"inLanguage\":\"pt-BR\"},{\"@type\":\"Person\",\"@id\":\"https:\/\/flamboyant.com.br\/blog\/#\/schema\/person\/49258be627c01b98ebbb2bd78cbddf24\",\"name\":\"Equipe Blog Flamboyant\",\"image\":{\"@type\":\"ImageObject\",\"inLanguage\":\"pt-BR\",\"@id\":\"https:\/\/flamboyant.com.br\/blog\/#\/schema\/person\/image\/\",\"url\":\"https:\/\/secure.gravatar.com\/avatar\/9e0ffb239b8d69c641e4a234173437d3?s=96&d=blank&r=g\",\"contentUrl\":\"https:\/\/secure.gravatar.com\/avatar\/9e0ffb239b8d69c641e4a234173437d3?s=96&d=blank&r=g\",\"caption\":\"Equipe Blog Flamboyant\"},\"url\":\"https:\/\/flamboyant.com.br\/blog\/author\/equipe-blog-flamboyant\/\"}]}<\/script>\n<!-- \/ Yoast SEO plugin. -->","yoast_head_json":{"title":"Le Lis Blanc: Lan\u00e7amento de cole\u00e7\u00e3o \u00e9 comemorada em coquetel sensorial no Flamboyant Shopping - Blog Flamboyant","robots":{"index":"index","follow":"follow","max-snippet":"max-snippet:-1","max-image-preview":"max-image-preview:large","max-video-preview":"max-video-preview:-1"},"canonical":"https:\/\/flamboyant.com.br\/blog\/2018\/09\/le-lis-blanc-lancamento-de-colecao-e-comemorada-em-coquetel-sensorial-no-flamboyant-shopping\/","og_locale":"pt_BR","og_type":"article","og_title":"Le Lis Blanc: Lan\u00e7amento de cole\u00e7\u00e3o \u00e9 comemorada em coquetel sensorial no Flamboyant Shopping - Blog Flamboyant","og_description":"Le Lis Blanc j\u00e1 est\u00e1 dando as boas vindas \u00e0 nova esta\u00e7\u00e3o com uma cole\u00e7\u00e3o pra l\u00e1 de especial, com...","og_url":"https:\/\/flamboyant.com.br\/blog\/2018\/09\/le-lis-blanc-lancamento-de-colecao-e-comemorada-em-coquetel-sensorial-no-flamboyant-shopping\/","og_site_name":"Blog Flamboyant","article_published_time":"2018-09-01T12:33:14+00:00","article_modified_time":"2018-09-04T12:33:56+00:00","og_image":[{"width":760,"height":504,"url":"https:\/\/flamboyant.com.br\/blog\/wp-content\/uploads\/2018\/08\/Le-lis-Blanc-foto-de-destaque.jpg","type":"image\/jpeg"}],"author":"Equipe Blog Flamboyant","twitter_card":"summary_large_image","twitter_misc":{"Written by":"Equipe Blog Flamboyant","Est. reading time":"2 minutos"},"schema":{"@context":"https:\/\/schema.org","@graph":[{"@type":"WebPage","@id":"https:\/\/flamboyant.com.br\/blog\/2018\/09\/le-lis-blanc-lancamento-de-colecao-e-comemorada-em-coquetel-sensorial-no-flamboyant-shopping\/","url":"https:\/\/flamboyant.com.br\/blog\/2018\/09\/le-lis-blanc-lancamento-de-colecao-e-comemorada-em-coquetel-sensorial-no-flamboyant-shopping\/","name":"Le Lis Blanc: Lan\u00e7amento de cole\u00e7\u00e3o \u00e9 comemorada em coquetel sensorial no Flamboyant Shopping - Blog Flamboyant","isPartOf":{"@id":"https:\/\/flamboyant.com.br\/blog\/#website"},"datePublished":"2018-09-01T12:33:14+00:00","dateModified":"2018-09-04T12:33:56+00:00","author":{"@id":"https:\/\/flamboyant.com.br\/blog\/#\/schema\/person\/49258be627c01b98ebbb2bd78cbddf24"},"inLanguage":"pt-BR","potentialAction":[{"@type":"ReadAction","target":["https:\/\/flamboyant.com.br\/blog\/2018\/09\/le-lis-blanc-lancamento-de-colecao-e-comemorada-em-coquetel-sensorial-no-flamboyant-shopping\/"]}]},{"@type":"WebSite","@id":"https:\/\/flamboyant.com.br\/blog\/#website","url":"https:\/\/flamboyant.com.br\/blog\/","name":"Blog Flamboyant","description":"Novidades da Vitrine de Goi\u00e1s","potentialAction":[{"@type":"SearchAction","target":{"@type":"EntryPoint","urlTemplate":"https:\/\/flamboyant.com.br\/blog\/?s={search_term_string}"},"query-input":"required name=search_term_string"}],"inLanguage":"pt-BR"},{"@type":"Person","@id":"https:\/\/flamboyant.com.br\/blog\/#\/schema\/person\/49258be627c01b98ebbb2bd78cbddf24","name":"Equipe Blog Flamboyant","image":{"@type":"ImageObject","inLanguage":"pt-BR","@id":"https:\/\/flamboyant.com.br\/blog\/#\/schema\/person\/image\/","url":"https:\/\/secure.gravatar.com\/avatar\/9e0ffb239b8d69c641e4a234173437d3?s=96&d=blank&r=g","contentUrl":"https:\/\/secure.gravatar.com\/avatar\/9e0ffb239b8d69c641e4a234173437d3?s=96&d=blank&r=g","caption":"Equipe Blog Flamboyant"},"url":"https:\/\/flamboyant.com.br\/blog\/author\/equipe-blog-flamboyant\/"}]}},"_links":{"self":[{"href":"https:\/\/flamboyant.com.br\/blog\/wp-json\/wp\/v2\/posts\/25210"}],"collection":[{"href":"https:\/\/flamboyant.com.br\/blog\/wp-json\/wp\/v2\/posts"}],"about":[{"href":"https:\/\/flamboyant.com.br\/blog\/wp-json\/wp\/v2\/types\/post"}],"author":[{"embeddable":true,"href":"https:\/\/flamboyant.com.br\/blog\/wp-json\/wp\/v2\/users\/4"}],"replies":[{"embeddable":true,"href":"https:\/\/flamboyant.com.br\/blog\/wp-json\/wp\/v2\/comments?post=25210"}],"version-history":[{"count":8,"href":"https:\/\/flamboyant.com.br\/blog\/wp-json\/wp\/v2\/posts\/25210\/revisions"}],"predecessor-version":[{"id":25226,"href":"https:\/\/flamboyant.com.br\/blog\/wp-json\/wp\/v2\/posts\/25210\/revisions\/25226"}],"wp:featuredmedia":[{"embeddable":true,"href":"https:\/\/flamboyant.com.br\/blog\/wp-json\/wp\/v2\/media\/25215"}],"wp:attachment":[{"href":"https:\/\/flamboyant.com.br\/blog\/wp-json\/wp\/v2\/media?parent=25210"}],"wp:term":[{"taxonomy":"category","embeddable":true,"href":"https:\/\/flamboyant.com.br\/blog\/wp-json\/wp\/v2\/categories?post=25210"},{"taxonomy":"post_tag","embeddable":true,"href":"https:\/\/flamboyant.com.br\/blog\/wp-json\/wp\/v2\/tags?post=25210"}],"curies":[{"name":"wp","href":"https:\/\/api.w.org\/{rel}","templated":true}]}}