
{"id":25481,"date":"2018-09-21T15:41:07","date_gmt":"2018-09-21T18:41:07","guid":{"rendered":"http:\/\/flamboyant.com.br\/blog\/?p=25481"},"modified":"2018-09-21T15:41:07","modified_gmt":"2018-09-21T18:41:07","slug":"vfno-flamboyant-2018-desfile-vix","status":"publish","type":"post","link":"https:\/\/flamboyant.com.br\/blog\/2018\/09\/vfno-flamboyant-2018-desfile-vix\/","title":{"rendered":"VFNO Flamboyant 2018: Desfile Vix"},"content":{"rendered":"<p>A Vix tomou conta da passarela ap\u00f3s \u00e0s 17H e arrasou na produ\u00e7\u00e3o das modelos. Pe\u00e7as contempor\u00e2neas com estilo simples mas ao mesmo tempo sofisticado.<!--more--><\/p>\n<p>A cartela de cores estava voltada para tons de vermelho, branco, preto e afins. Uma cole\u00e7\u00e3o super <em>cool<\/em> com muitos recortes, amarra\u00e7\u00f5es e fluidez nas cangas e sa\u00eddas de banho. A marca mostrou que preto \u00e9 sim a cara do ver\u00e3o e que vale a pena apostar nesses tons para sair do \u00f3bvio dessa esta\u00e7\u00e3o.<a href=\"http:\/\/flamboyant.com.br\/blog\/wp-content\/uploads\/2018\/09\/desfile-vix-1.jpg\" rel=\"lightbox[25481]\"><img decoding=\"async\" loading=\"lazy\" class=\"alignnone size-full wp-image-25484\" src=\"http:\/\/flamboyant.com.br\/blog\/wp-content\/uploads\/2018\/09\/desfile-vix-1.jpg\" alt=\"\" width=\"1080\" height=\"1079\" srcset=\"https:\/\/flamboyant.com.br\/blog\/wp-content\/uploads\/2018\/09\/desfile-vix-1.jpg 1080w, https:\/\/flamboyant.com.br\/blog\/wp-content\/uploads\/2018\/09\/desfile-vix-1-150x150.jpg 150w, https:\/\/flamboyant.com.br\/blog\/wp-content\/uploads\/2018\/09\/desfile-vix-1-300x300.jpg 300w, https:\/\/flamboyant.com.br\/blog\/wp-content\/uploads\/2018\/09\/desfile-vix-1-768x767.jpg 768w, https:\/\/flamboyant.com.br\/blog\/wp-content\/uploads\/2018\/09\/desfile-vix-1-1024x1024.jpg 1024w\" sizes=\"(max-width: 1080px) 100vw, 1080px\" \/><\/a> <a href=\"http:\/\/flamboyant.com.br\/blog\/wp-content\/uploads\/2018\/09\/desfile-vix-3.jpg\" rel=\"lightbox[25481]\"><img decoding=\"async\" loading=\"lazy\" class=\"alignnone size-full wp-image-25482\" src=\"http:\/\/flamboyant.com.br\/blog\/wp-content\/uploads\/2018\/09\/desfile-vix-3.jpg\" alt=\"\" width=\"1080\" height=\"1079\" srcset=\"https:\/\/flamboyant.com.br\/blog\/wp-content\/uploads\/2018\/09\/desfile-vix-3.jpg 1080w, https:\/\/flamboyant.com.br\/blog\/wp-content\/uploads\/2018\/09\/desfile-vix-3-150x150.jpg 150w, https:\/\/flamboyant.com.br\/blog\/wp-content\/uploads\/2018\/09\/desfile-vix-3-300x300.jpg 300w, https:\/\/flamboyant.com.br\/blog\/wp-content\/uploads\/2018\/09\/desfile-vix-3-768x767.jpg 768w, https:\/\/flamboyant.com.br\/blog\/wp-content\/uploads\/2018\/09\/desfile-vix-3-1024x1024.jpg 1024w\" sizes=\"(max-width: 1080px) 100vw, 1080px\" \/><\/a><\/p>\n<p>A digital influencer, Layla Monteiro foi a presen\u00e7a especial do desfile e iluminou ainda mais a passarela com os looks desfilados.<a href=\"http:\/\/flamboyant.com.br\/blog\/wp-content\/uploads\/2018\/09\/desfile-vix.jpg\" rel=\"lightbox[25481]\"><img decoding=\"async\" loading=\"lazy\" class=\"alignnone size-full wp-image-25483\" src=\"http:\/\/flamboyant.com.br\/blog\/wp-content\/uploads\/2018\/09\/desfile-vix.jpg\" alt=\"\" width=\"1080\" height=\"1079\" srcset=\"https:\/\/flamboyant.com.br\/blog\/wp-content\/uploads\/2018\/09\/desfile-vix.jpg 1080w, https:\/\/flamboyant.com.br\/blog\/wp-content\/uploads\/2018\/09\/desfile-vix-150x150.jpg 150w, https:\/\/flamboyant.com.br\/blog\/wp-content\/uploads\/2018\/09\/desfile-vix-300x300.jpg 300w, https:\/\/flamboyant.com.br\/blog\/wp-content\/uploads\/2018\/09\/desfile-vix-768x767.jpg 768w, https:\/\/flamboyant.com.br\/blog\/wp-content\/uploads\/2018\/09\/desfile-vix-1024x1024.jpg 1024w\" sizes=\"(max-width: 1080px) 100vw, 1080px\" \/><\/a><\/p>\n<p>Vem mais desfile por a\u00ed, fique ligado.<\/p>\n<p>Nos acompanhe nas redes sociais: <a href=\"https:\/\/www.instagram.com\/flamboyantshopping\/\">Instagram<\/a> e <a href=\"https:\/\/www.facebook.com\/FlamboyantShopping\/?ref=br_rs\">Facebook<\/a> para conferir tudo o que rolou no VFNO Flamboyant 2018.<\/p>\n<p>&nbsp;<\/p>\n","protected":false},"excerpt":{"rendered":"<p>A Vix tomou conta da passarela ap\u00f3s \u00e0s 17H e arrasou na produ\u00e7\u00e3o das modelos. Pe\u00e7as contempor\u00e2neas com estilo simples&#8230;<\/p>\n","protected":false},"author":4,"featured_media":25495,"comment_status":"open","ping_status":"open","sticky":false,"template":"","format":"standard","meta":{"_mi_skip_tracking":false},"categories":[2094,8],"tags":[918,2273,1845,2436,2419,2165],"yoast_head":"<!-- This site is optimized with the Yoast SEO plugin v20.11 - https:\/\/yoast.com\/wordpress\/plugins\/seo\/ -->\n<title>VFNO Flamboyant 2018: Desfile Vix - Blog Flamboyant<\/title>\n<meta name=\"robots\" content=\"index, follow, max-snippet:-1, max-image-preview:large, max-video-preview:-1\" \/>\n<link rel=\"canonical\" href=\"https:\/\/flamboyant.com.br\/blog\/2018\/09\/vfno-flamboyant-2018-desfile-vix\/\" \/>\n<meta property=\"og:locale\" content=\"pt_BR\" \/>\n<meta property=\"og:type\" content=\"article\" \/>\n<meta property=\"og:title\" content=\"VFNO Flamboyant 2018: Desfile Vix - Blog Flamboyant\" \/>\n<meta property=\"og:description\" content=\"A Vix tomou conta da passarela ap\u00f3s \u00e0s 17H e arrasou na produ\u00e7\u00e3o das modelos. Pe\u00e7as contempor\u00e2neas com estilo simples...\" \/>\n<meta property=\"og:url\" content=\"https:\/\/flamboyant.com.br\/blog\/2018\/09\/vfno-flamboyant-2018-desfile-vix\/\" \/>\n<meta property=\"og:site_name\" content=\"Blog Flamboyant\" \/>\n<meta property=\"article:published_time\" content=\"2018-09-21T18:41:07+00:00\" \/>\n<meta property=\"og:image\" content=\"https:\/\/flamboyant.com.br\/blog\/wp-content\/uploads\/2018\/09\/foto-de-destaque-vix.jpg\" \/>\n\t<meta property=\"og:image:width\" content=\"760\" \/>\n\t<meta property=\"og:image:height\" content=\"504\" \/>\n\t<meta property=\"og:image:type\" content=\"image\/jpeg\" \/>\n<meta name=\"author\" content=\"Equipe Blog Flamboyant\" \/>\n<meta name=\"twitter:card\" content=\"summary_large_image\" \/>\n<meta name=\"twitter:label1\" content=\"Written by\" \/>\n\t<meta name=\"twitter:data1\" content=\"Equipe Blog Flamboyant\" \/>\n\t<meta name=\"twitter:label2\" content=\"Est. reading time\" \/>\n\t<meta name=\"twitter:data2\" content=\"1 minuto\" \/>\n<script type=\"application\/ld+json\" class=\"yoast-schema-graph\">{\"@context\":\"https:\/\/schema.org\",\"@graph\":[{\"@type\":\"WebPage\",\"@id\":\"https:\/\/flamboyant.com.br\/blog\/2018\/09\/vfno-flamboyant-2018-desfile-vix\/\",\"url\":\"https:\/\/flamboyant.com.br\/blog\/2018\/09\/vfno-flamboyant-2018-desfile-vix\/\",\"name\":\"VFNO Flamboyant 2018: Desfile Vix - Blog Flamboyant\",\"isPartOf\":{\"@id\":\"https:\/\/flamboyant.com.br\/blog\/#website\"},\"datePublished\":\"2018-09-21T18:41:07+00:00\",\"dateModified\":\"2018-09-21T18:41:07+00:00\",\"author\":{\"@id\":\"https:\/\/flamboyant.com.br\/blog\/#\/schema\/person\/49258be627c01b98ebbb2bd78cbddf24\"},\"inLanguage\":\"pt-BR\",\"potentialAction\":[{\"@type\":\"ReadAction\",\"target\":[\"https:\/\/flamboyant.com.br\/blog\/2018\/09\/vfno-flamboyant-2018-desfile-vix\/\"]}]},{\"@type\":\"WebSite\",\"@id\":\"https:\/\/flamboyant.com.br\/blog\/#website\",\"url\":\"https:\/\/flamboyant.com.br\/blog\/\",\"name\":\"Blog Flamboyant\",\"description\":\"Novidades da Vitrine de Goi\u00e1s\",\"potentialAction\":[{\"@type\":\"SearchAction\",\"target\":{\"@type\":\"EntryPoint\",\"urlTemplate\":\"https:\/\/flamboyant.com.br\/blog\/?s={search_term_string}\"},\"query-input\":\"required name=search_term_string\"}],\"inLanguage\":\"pt-BR\"},{\"@type\":\"Person\",\"@id\":\"https:\/\/flamboyant.com.br\/blog\/#\/schema\/person\/49258be627c01b98ebbb2bd78cbddf24\",\"name\":\"Equipe Blog Flamboyant\",\"image\":{\"@type\":\"ImageObject\",\"inLanguage\":\"pt-BR\",\"@id\":\"https:\/\/flamboyant.com.br\/blog\/#\/schema\/person\/image\/\",\"url\":\"https:\/\/secure.gravatar.com\/avatar\/9e0ffb239b8d69c641e4a234173437d3?s=96&d=blank&r=g\",\"contentUrl\":\"https:\/\/secure.gravatar.com\/avatar\/9e0ffb239b8d69c641e4a234173437d3?s=96&d=blank&r=g\",\"caption\":\"Equipe Blog Flamboyant\"},\"url\":\"https:\/\/flamboyant.com.br\/blog\/author\/equipe-blog-flamboyant\/\"}]}<\/script>\n<!-- \/ Yoast SEO plugin. -->","yoast_head_json":{"title":"VFNO Flamboyant 2018: Desfile Vix - Blog Flamboyant","robots":{"index":"index","follow":"follow","max-snippet":"max-snippet:-1","max-image-preview":"max-image-preview:large","max-video-preview":"max-video-preview:-1"},"canonical":"https:\/\/flamboyant.com.br\/blog\/2018\/09\/vfno-flamboyant-2018-desfile-vix\/","og_locale":"pt_BR","og_type":"article","og_title":"VFNO Flamboyant 2018: Desfile Vix - Blog Flamboyant","og_description":"A Vix tomou conta da passarela ap\u00f3s \u00e0s 17H e arrasou na produ\u00e7\u00e3o das modelos. Pe\u00e7as contempor\u00e2neas com estilo simples...","og_url":"https:\/\/flamboyant.com.br\/blog\/2018\/09\/vfno-flamboyant-2018-desfile-vix\/","og_site_name":"Blog Flamboyant","article_published_time":"2018-09-21T18:41:07+00:00","og_image":[{"width":760,"height":504,"url":"https:\/\/flamboyant.com.br\/blog\/wp-content\/uploads\/2018\/09\/foto-de-destaque-vix.jpg","type":"image\/jpeg"}],"author":"Equipe Blog Flamboyant","twitter_card":"summary_large_image","twitter_misc":{"Written by":"Equipe Blog Flamboyant","Est. reading time":"1 minuto"},"schema":{"@context":"https:\/\/schema.org","@graph":[{"@type":"WebPage","@id":"https:\/\/flamboyant.com.br\/blog\/2018\/09\/vfno-flamboyant-2018-desfile-vix\/","url":"https:\/\/flamboyant.com.br\/blog\/2018\/09\/vfno-flamboyant-2018-desfile-vix\/","name":"VFNO Flamboyant 2018: Desfile Vix - Blog Flamboyant","isPartOf":{"@id":"https:\/\/flamboyant.com.br\/blog\/#website"},"datePublished":"2018-09-21T18:41:07+00:00","dateModified":"2018-09-21T18:41:07+00:00","author":{"@id":"https:\/\/flamboyant.com.br\/blog\/#\/schema\/person\/49258be627c01b98ebbb2bd78cbddf24"},"inLanguage":"pt-BR","potentialAction":[{"@type":"ReadAction","target":["https:\/\/flamboyant.com.br\/blog\/2018\/09\/vfno-flamboyant-2018-desfile-vix\/"]}]},{"@type":"WebSite","@id":"https:\/\/flamboyant.com.br\/blog\/#website","url":"https:\/\/flamboyant.com.br\/blog\/","name":"Blog Flamboyant","description":"Novidades da Vitrine de Goi\u00e1s","potentialAction":[{"@type":"SearchAction","target":{"@type":"EntryPoint","urlTemplate":"https:\/\/flamboyant.com.br\/blog\/?s={search_term_string}"},"query-input":"required name=search_term_string"}],"inLanguage":"pt-BR"},{"@type":"Person","@id":"https:\/\/flamboyant.com.br\/blog\/#\/schema\/person\/49258be627c01b98ebbb2bd78cbddf24","name":"Equipe Blog Flamboyant","image":{"@type":"ImageObject","inLanguage":"pt-BR","@id":"https:\/\/flamboyant.com.br\/blog\/#\/schema\/person\/image\/","url":"https:\/\/secure.gravatar.com\/avatar\/9e0ffb239b8d69c641e4a234173437d3?s=96&d=blank&r=g","contentUrl":"https:\/\/secure.gravatar.com\/avatar\/9e0ffb239b8d69c641e4a234173437d3?s=96&d=blank&r=g","caption":"Equipe Blog Flamboyant"},"url":"https:\/\/flamboyant.com.br\/blog\/author\/equipe-blog-flamboyant\/"}]}},"_links":{"self":[{"href":"https:\/\/flamboyant.com.br\/blog\/wp-json\/wp\/v2\/posts\/25481"}],"collection":[{"href":"https:\/\/flamboyant.com.br\/blog\/wp-json\/wp\/v2\/posts"}],"about":[{"href":"https:\/\/flamboyant.com.br\/blog\/wp-json\/wp\/v2\/types\/post"}],"author":[{"embeddable":true,"href":"https:\/\/flamboyant.com.br\/blog\/wp-json\/wp\/v2\/users\/4"}],"replies":[{"embeddable":true,"href":"https:\/\/flamboyant.com.br\/blog\/wp-json\/wp\/v2\/comments?post=25481"}],"version-history":[{"count":1,"href":"https:\/\/flamboyant.com.br\/blog\/wp-json\/wp\/v2\/posts\/25481\/revisions"}],"predecessor-version":[{"id":25485,"href":"https:\/\/flamboyant.com.br\/blog\/wp-json\/wp\/v2\/posts\/25481\/revisions\/25485"}],"wp:featuredmedia":[{"embeddable":true,"href":"https:\/\/flamboyant.com.br\/blog\/wp-json\/wp\/v2\/media\/25495"}],"wp:attachment":[{"href":"https:\/\/flamboyant.com.br\/blog\/wp-json\/wp\/v2\/media?parent=25481"}],"wp:term":[{"taxonomy":"category","embeddable":true,"href":"https:\/\/flamboyant.com.br\/blog\/wp-json\/wp\/v2\/categories?post=25481"},{"taxonomy":"post_tag","embeddable":true,"href":"https:\/\/flamboyant.com.br\/blog\/wp-json\/wp\/v2\/tags?post=25481"}],"curies":[{"name":"wp","href":"https:\/\/api.w.org\/{rel}","templated":true}]}}