
{"id":26377,"date":"2019-01-31T10:53:43","date_gmt":"2019-01-31T13:53:43","guid":{"rendered":"http:\/\/flamboyant.com.br\/blog\/?p=26377"},"modified":"2019-01-31T10:53:43","modified_gmt":"2019-01-31T13:53:43","slug":"dicas-para-cuidar-da-pele-e-cabelo-no-verao","status":"publish","type":"post","link":"https:\/\/flamboyant.com.br\/blog\/2019\/01\/dicas-para-cuidar-da-pele-e-cabelo-no-verao\/","title":{"rendered":"Dicas para cuidar da pele e cabelo no Ver\u00e3o!"},"content":{"rendered":"<p>Bora cuidar da beleza? Ent\u00e3o vem que o post est\u00e1 cheio de dicas para dar aquele up nos fios, na pele e na vida! N\u00e3o perde tempo, clica em ver mais e saiba de tudo!\u00a0<!--more--><\/p>\n<p>Ver\u00e3o \u00e9 tudo de bom n\u00e9? Praia, piscina , sol e aquele bronzeado que a maioria adooora, mas a esta\u00e7\u00e3o mais quente do ano tamb\u00e9m tem os seus contras.<\/p>\n<p>Geralmente os cabelos s\u00e3o os que mais sofrem com o cloro, com o sol e o sal do mar, mas relaxa, com esse kit da Cadiveu ele vai ficar lindo de novo.\u00a0<a href=\"http:\/\/flamboyant.com.br\/blog\/wp-content\/uploads\/2019\/01\/7DE036C3-99BB-4E6E-B0B1-69FEE8BC7D98.jpeg\" rel=\"lightbox[26377]\"><img decoding=\"async\" loading=\"lazy\" class=\"alignnone size-full wp-image-26383\" src=\"http:\/\/flamboyant.com.br\/blog\/wp-content\/uploads\/2019\/01\/7DE036C3-99BB-4E6E-B0B1-69FEE8BC7D98.jpeg\" alt=\"\" width=\"1136\" height=\"1136\" srcset=\"https:\/\/flamboyant.com.br\/blog\/wp-content\/uploads\/2019\/01\/7DE036C3-99BB-4E6E-B0B1-69FEE8BC7D98.jpeg 1136w, https:\/\/flamboyant.com.br\/blog\/wp-content\/uploads\/2019\/01\/7DE036C3-99BB-4E6E-B0B1-69FEE8BC7D98-150x150.jpeg 150w, https:\/\/flamboyant.com.br\/blog\/wp-content\/uploads\/2019\/01\/7DE036C3-99BB-4E6E-B0B1-69FEE8BC7D98-300x300.jpeg 300w, https:\/\/flamboyant.com.br\/blog\/wp-content\/uploads\/2019\/01\/7DE036C3-99BB-4E6E-B0B1-69FEE8BC7D98-768x768.jpeg 768w, https:\/\/flamboyant.com.br\/blog\/wp-content\/uploads\/2019\/01\/7DE036C3-99BB-4E6E-B0B1-69FEE8BC7D98-1024x1024.jpeg 1024w\" sizes=\"(max-width: 1136px) 100vw, 1136px\" \/><\/a><\/p>\n<p>E n\u00e3o esque\u00e7a o leave on, ele tem prote\u00e7\u00e3o UV e deixa os fios com ondas brilhantes. Se quiser um produto mais em conta o kit da Pantene \u00e9 MARA. Voc\u00ea vai amar!!<\/p>\n<p><a href=\"http:\/\/flamboyant.com.br\/blog\/wp-content\/uploads\/2019\/01\/66B787D3-7CD2-4F3B-9725-252BC24E2E0B.jpeg\" rel=\"lightbox[26377]\"><img decoding=\"async\" loading=\"lazy\" class=\"alignnone size-full wp-image-26376\" src=\"http:\/\/flamboyant.com.br\/blog\/wp-content\/uploads\/2019\/01\/66B787D3-7CD2-4F3B-9725-252BC24E2E0B.jpeg\" alt=\"\" width=\"1131\" height=\"1136\" srcset=\"https:\/\/flamboyant.com.br\/blog\/wp-content\/uploads\/2019\/01\/66B787D3-7CD2-4F3B-9725-252BC24E2E0B.jpeg 1131w, https:\/\/flamboyant.com.br\/blog\/wp-content\/uploads\/2019\/01\/66B787D3-7CD2-4F3B-9725-252BC24E2E0B-150x150.jpeg 150w, https:\/\/flamboyant.com.br\/blog\/wp-content\/uploads\/2019\/01\/66B787D3-7CD2-4F3B-9725-252BC24E2E0B-300x300.jpeg 300w, https:\/\/flamboyant.com.br\/blog\/wp-content\/uploads\/2019\/01\/66B787D3-7CD2-4F3B-9725-252BC24E2E0B-768x771.jpeg 768w, https:\/\/flamboyant.com.br\/blog\/wp-content\/uploads\/2019\/01\/66B787D3-7CD2-4F3B-9725-252BC24E2E0B-1019x1024.jpeg 1019w\" sizes=\"(max-width: 1131px) 100vw, 1131px\" \/><\/a><\/p>\n<p>Outra op\u00e7\u00e3o \u00e9 o kit da Lola, s\u00f3 experimentando para saber a maravilha que ele faz nos fios.\u00a0<a href=\"http:\/\/flamboyant.com.br\/blog\/wp-content\/uploads\/2019\/01\/1DCE27A7-E473-41C7-AE4F-03EC5A79B1CA.jpeg\" rel=\"lightbox[26377]\"><img decoding=\"async\" loading=\"lazy\" class=\"alignnone size-full wp-image-26382\" src=\"http:\/\/flamboyant.com.br\/blog\/wp-content\/uploads\/2019\/01\/1DCE27A7-E473-41C7-AE4F-03EC5A79B1CA.jpeg\" alt=\"\" width=\"1136\" height=\"1136\" srcset=\"https:\/\/flamboyant.com.br\/blog\/wp-content\/uploads\/2019\/01\/1DCE27A7-E473-41C7-AE4F-03EC5A79B1CA.jpeg 1136w, https:\/\/flamboyant.com.br\/blog\/wp-content\/uploads\/2019\/01\/1DCE27A7-E473-41C7-AE4F-03EC5A79B1CA-150x150.jpeg 150w, https:\/\/flamboyant.com.br\/blog\/wp-content\/uploads\/2019\/01\/1DCE27A7-E473-41C7-AE4F-03EC5A79B1CA-300x300.jpeg 300w, https:\/\/flamboyant.com.br\/blog\/wp-content\/uploads\/2019\/01\/1DCE27A7-E473-41C7-AE4F-03EC5A79B1CA-768x768.jpeg 768w, https:\/\/flamboyant.com.br\/blog\/wp-content\/uploads\/2019\/01\/1DCE27A7-E473-41C7-AE4F-03EC5A79B1CA-1024x1024.jpeg 1024w\" sizes=\"(max-width: 1136px) 100vw, 1136px\" \/><\/a><\/p>\n<p>Para proteger a pele todos j\u00e1 sabem, protetor solar, protetor solar e mais protetor solar. E para falar dessa beldade nada melhor que falar da L\u2019oreal. Tem toque aveludado, n\u00e3o fica grudando na pele e \u00e9 para o rosto e corpo, super funcional!\u00a0<a href=\"http:\/\/flamboyant.com.br\/blog\/wp-content\/uploads\/2019\/01\/4F675F5D-FD95-44D8-AD91-79FC54E98E2D.jpeg\" rel=\"lightbox[26377]\"><img decoding=\"async\" loading=\"lazy\" class=\"alignnone size-full wp-image-26380\" src=\"http:\/\/flamboyant.com.br\/blog\/wp-content\/uploads\/2019\/01\/4F675F5D-FD95-44D8-AD91-79FC54E98E2D.jpeg\" alt=\"\" width=\"1136\" height=\"1136\" srcset=\"https:\/\/flamboyant.com.br\/blog\/wp-content\/uploads\/2019\/01\/4F675F5D-FD95-44D8-AD91-79FC54E98E2D.jpeg 1136w, https:\/\/flamboyant.com.br\/blog\/wp-content\/uploads\/2019\/01\/4F675F5D-FD95-44D8-AD91-79FC54E98E2D-150x150.jpeg 150w, https:\/\/flamboyant.com.br\/blog\/wp-content\/uploads\/2019\/01\/4F675F5D-FD95-44D8-AD91-79FC54E98E2D-300x300.jpeg 300w, https:\/\/flamboyant.com.br\/blog\/wp-content\/uploads\/2019\/01\/4F675F5D-FD95-44D8-AD91-79FC54E98E2D-768x768.jpeg 768w, https:\/\/flamboyant.com.br\/blog\/wp-content\/uploads\/2019\/01\/4F675F5D-FD95-44D8-AD91-79FC54E98E2D-1024x1024.jpeg 1024w\" sizes=\"(max-width: 1136px) 100vw, 1136px\" \/><\/a><\/p>\n<p>Ainda temos mais itens para a pele. Elas j\u00e1 s\u00e3o um sucesso e \u00e9 claro que voc\u00ea n\u00e3o pode ficar sem a sua: as m\u00e1scaras faciais s\u00e3o muito importantes e possuem v\u00e1rios benef\u00edcios. Nossa dica \u00e9: escolha a que se encaixa no que precisa e pronto, vai ficar linda!\u00a0<a href=\"http:\/\/flamboyant.com.br\/blog\/wp-content\/uploads\/2019\/01\/2EFF9511-FE5A-4ABE-8AAB-F25BC436F35B.jpeg\" rel=\"lightbox[26377]\"><img decoding=\"async\" loading=\"lazy\" class=\"alignnone size-full wp-image-26374\" src=\"http:\/\/flamboyant.com.br\/blog\/wp-content\/uploads\/2019\/01\/2EFF9511-FE5A-4ABE-8AAB-F25BC436F35B.jpeg\" alt=\"\" width=\"1136\" height=\"1136\" srcset=\"https:\/\/flamboyant.com.br\/blog\/wp-content\/uploads\/2019\/01\/2EFF9511-FE5A-4ABE-8AAB-F25BC436F35B.jpeg 1136w, https:\/\/flamboyant.com.br\/blog\/wp-content\/uploads\/2019\/01\/2EFF9511-FE5A-4ABE-8AAB-F25BC436F35B-150x150.jpeg 150w, https:\/\/flamboyant.com.br\/blog\/wp-content\/uploads\/2019\/01\/2EFF9511-FE5A-4ABE-8AAB-F25BC436F35B-300x300.jpeg 300w, https:\/\/flamboyant.com.br\/blog\/wp-content\/uploads\/2019\/01\/2EFF9511-FE5A-4ABE-8AAB-F25BC436F35B-768x768.jpeg 768w, https:\/\/flamboyant.com.br\/blog\/wp-content\/uploads\/2019\/01\/2EFF9511-FE5A-4ABE-8AAB-F25BC436F35B-1024x1024.jpeg 1024w\" sizes=\"(max-width: 1136px) 100vw, 1136px\" \/><\/a><\/p>\n<p>E para limpar a sua pele, a Inoar \u00e9 a melhor escolha. Sabonete l\u00edquido e aquela \u00e1gua micelar que n\u00f3s amamos!<a href=\"http:\/\/flamboyant.com.br\/blog\/wp-content\/uploads\/2019\/01\/E2BE0180-98C8-4F7B-B4C2-FA113E134A67.jpeg\" rel=\"lightbox[26377]\"><img decoding=\"async\" loading=\"lazy\" class=\"alignnone size-full wp-image-26381\" src=\"http:\/\/flamboyant.com.br\/blog\/wp-content\/uploads\/2019\/01\/E2BE0180-98C8-4F7B-B4C2-FA113E134A67.jpeg\" alt=\"\" width=\"1136\" height=\"1136\" srcset=\"https:\/\/flamboyant.com.br\/blog\/wp-content\/uploads\/2019\/01\/E2BE0180-98C8-4F7B-B4C2-FA113E134A67.jpeg 1136w, https:\/\/flamboyant.com.br\/blog\/wp-content\/uploads\/2019\/01\/E2BE0180-98C8-4F7B-B4C2-FA113E134A67-150x150.jpeg 150w, https:\/\/flamboyant.com.br\/blog\/wp-content\/uploads\/2019\/01\/E2BE0180-98C8-4F7B-B4C2-FA113E134A67-300x300.jpeg 300w, https:\/\/flamboyant.com.br\/blog\/wp-content\/uploads\/2019\/01\/E2BE0180-98C8-4F7B-B4C2-FA113E134A67-768x768.jpeg 768w, https:\/\/flamboyant.com.br\/blog\/wp-content\/uploads\/2019\/01\/E2BE0180-98C8-4F7B-B4C2-FA113E134A67-1024x1024.jpeg 1024w\" sizes=\"(max-width: 1136px) 100vw, 1136px\" \/><\/a><\/p>\n<p>J\u00e1 copiou tudo n\u00e9? Ent\u00e3o vem para o Flamboyant Shopping e aproveite essas dicas do Shopping dos Cosm\u00e9ticos (piso 1) para dar um up no seu visual, afinal, voc\u00ea merece esse cuidado!<\/p>\n<p>Estamos te esperando!!<\/p>\n","protected":false},"excerpt":{"rendered":"<p>Bora cuidar da beleza? Ent\u00e3o vem que o post est\u00e1 cheio de dicas para dar aquele up nos fios, na&#8230;<\/p>\n","protected":false},"author":4,"featured_media":26379,"comment_status":"open","ping_status":"open","sticky":false,"template":"","format":"standard","meta":{"_mi_skip_tracking":false},"categories":[4,2102],"tags":[2153,2508,2076,2273,2507,2509],"yoast_head":"<!-- This site is optimized with the Yoast SEO plugin v20.11 - https:\/\/yoast.com\/wordpress\/plugins\/seo\/ -->\n<title>Dicas para cuidar da pele e cabelo no Ver\u00e3o! - Blog Flamboyant<\/title>\n<meta name=\"robots\" content=\"index, follow, max-snippet:-1, max-image-preview:large, max-video-preview:-1\" \/>\n<link rel=\"canonical\" href=\"https:\/\/flamboyant.com.br\/blog\/2019\/01\/dicas-para-cuidar-da-pele-e-cabelo-no-verao\/\" \/>\n<meta property=\"og:locale\" content=\"pt_BR\" \/>\n<meta property=\"og:type\" content=\"article\" \/>\n<meta property=\"og:title\" content=\"Dicas para cuidar da pele e cabelo no Ver\u00e3o! - Blog Flamboyant\" \/>\n<meta property=\"og:description\" content=\"Bora cuidar da beleza? Ent\u00e3o vem que o post est\u00e1 cheio de dicas para dar aquele up nos fios, na...\" \/>\n<meta property=\"og:url\" content=\"https:\/\/flamboyant.com.br\/blog\/2019\/01\/dicas-para-cuidar-da-pele-e-cabelo-no-verao\/\" \/>\n<meta property=\"og:site_name\" content=\"Blog Flamboyant\" \/>\n<meta property=\"article:published_time\" content=\"2019-01-31T13:53:43+00:00\" \/>\n<meta property=\"og:image\" content=\"https:\/\/flamboyant.com.br\/blog\/wp-content\/uploads\/2019\/01\/3FDE3939-2105-4159-BD30-D035F2CB7C4C.jpeg\" \/>\n\t<meta property=\"og:image:width\" content=\"1136\" \/>\n\t<meta property=\"og:image:height\" content=\"1136\" \/>\n\t<meta property=\"og:image:type\" content=\"image\/jpeg\" \/>\n<meta name=\"author\" content=\"Equipe Blog Flamboyant\" \/>\n<meta name=\"twitter:card\" content=\"summary_large_image\" \/>\n<meta name=\"twitter:label1\" content=\"Written by\" \/>\n\t<meta name=\"twitter:data1\" content=\"Equipe Blog Flamboyant\" \/>\n\t<meta name=\"twitter:label2\" content=\"Est. reading time\" \/>\n\t<meta name=\"twitter:data2\" content=\"2 minutos\" \/>\n<script type=\"application\/ld+json\" class=\"yoast-schema-graph\">{\"@context\":\"https:\/\/schema.org\",\"@graph\":[{\"@type\":\"WebPage\",\"@id\":\"https:\/\/flamboyant.com.br\/blog\/2019\/01\/dicas-para-cuidar-da-pele-e-cabelo-no-verao\/\",\"url\":\"https:\/\/flamboyant.com.br\/blog\/2019\/01\/dicas-para-cuidar-da-pele-e-cabelo-no-verao\/\",\"name\":\"Dicas para cuidar da pele e cabelo no Ver\u00e3o! - Blog Flamboyant\",\"isPartOf\":{\"@id\":\"https:\/\/flamboyant.com.br\/blog\/#website\"},\"datePublished\":\"2019-01-31T13:53:43+00:00\",\"dateModified\":\"2019-01-31T13:53:43+00:00\",\"author\":{\"@id\":\"https:\/\/flamboyant.com.br\/blog\/#\/schema\/person\/49258be627c01b98ebbb2bd78cbddf24\"},\"inLanguage\":\"pt-BR\",\"potentialAction\":[{\"@type\":\"ReadAction\",\"target\":[\"https:\/\/flamboyant.com.br\/blog\/2019\/01\/dicas-para-cuidar-da-pele-e-cabelo-no-verao\/\"]}]},{\"@type\":\"WebSite\",\"@id\":\"https:\/\/flamboyant.com.br\/blog\/#website\",\"url\":\"https:\/\/flamboyant.com.br\/blog\/\",\"name\":\"Blog Flamboyant\",\"description\":\"Novidades da Vitrine de Goi\u00e1s\",\"potentialAction\":[{\"@type\":\"SearchAction\",\"target\":{\"@type\":\"EntryPoint\",\"urlTemplate\":\"https:\/\/flamboyant.com.br\/blog\/?s={search_term_string}\"},\"query-input\":\"required name=search_term_string\"}],\"inLanguage\":\"pt-BR\"},{\"@type\":\"Person\",\"@id\":\"https:\/\/flamboyant.com.br\/blog\/#\/schema\/person\/49258be627c01b98ebbb2bd78cbddf24\",\"name\":\"Equipe Blog Flamboyant\",\"image\":{\"@type\":\"ImageObject\",\"inLanguage\":\"pt-BR\",\"@id\":\"https:\/\/flamboyant.com.br\/blog\/#\/schema\/person\/image\/\",\"url\":\"https:\/\/secure.gravatar.com\/avatar\/9e0ffb239b8d69c641e4a234173437d3?s=96&d=blank&r=g\",\"contentUrl\":\"https:\/\/secure.gravatar.com\/avatar\/9e0ffb239b8d69c641e4a234173437d3?s=96&d=blank&r=g\",\"caption\":\"Equipe Blog Flamboyant\"},\"url\":\"https:\/\/flamboyant.com.br\/blog\/author\/equipe-blog-flamboyant\/\"}]}<\/script>\n<!-- \/ Yoast SEO plugin. -->","yoast_head_json":{"title":"Dicas para cuidar da pele e cabelo no Ver\u00e3o! - Blog Flamboyant","robots":{"index":"index","follow":"follow","max-snippet":"max-snippet:-1","max-image-preview":"max-image-preview:large","max-video-preview":"max-video-preview:-1"},"canonical":"https:\/\/flamboyant.com.br\/blog\/2019\/01\/dicas-para-cuidar-da-pele-e-cabelo-no-verao\/","og_locale":"pt_BR","og_type":"article","og_title":"Dicas para cuidar da pele e cabelo no Ver\u00e3o! - Blog Flamboyant","og_description":"Bora cuidar da beleza? Ent\u00e3o vem que o post est\u00e1 cheio de dicas para dar aquele up nos fios, na...","og_url":"https:\/\/flamboyant.com.br\/blog\/2019\/01\/dicas-para-cuidar-da-pele-e-cabelo-no-verao\/","og_site_name":"Blog Flamboyant","article_published_time":"2019-01-31T13:53:43+00:00","og_image":[{"width":1136,"height":1136,"url":"https:\/\/flamboyant.com.br\/blog\/wp-content\/uploads\/2019\/01\/3FDE3939-2105-4159-BD30-D035F2CB7C4C.jpeg","type":"image\/jpeg"}],"author":"Equipe Blog Flamboyant","twitter_card":"summary_large_image","twitter_misc":{"Written by":"Equipe Blog Flamboyant","Est. reading time":"2 minutos"},"schema":{"@context":"https:\/\/schema.org","@graph":[{"@type":"WebPage","@id":"https:\/\/flamboyant.com.br\/blog\/2019\/01\/dicas-para-cuidar-da-pele-e-cabelo-no-verao\/","url":"https:\/\/flamboyant.com.br\/blog\/2019\/01\/dicas-para-cuidar-da-pele-e-cabelo-no-verao\/","name":"Dicas para cuidar da pele e cabelo no Ver\u00e3o! - Blog Flamboyant","isPartOf":{"@id":"https:\/\/flamboyant.com.br\/blog\/#website"},"datePublished":"2019-01-31T13:53:43+00:00","dateModified":"2019-01-31T13:53:43+00:00","author":{"@id":"https:\/\/flamboyant.com.br\/blog\/#\/schema\/person\/49258be627c01b98ebbb2bd78cbddf24"},"inLanguage":"pt-BR","potentialAction":[{"@type":"ReadAction","target":["https:\/\/flamboyant.com.br\/blog\/2019\/01\/dicas-para-cuidar-da-pele-e-cabelo-no-verao\/"]}]},{"@type":"WebSite","@id":"https:\/\/flamboyant.com.br\/blog\/#website","url":"https:\/\/flamboyant.com.br\/blog\/","name":"Blog Flamboyant","description":"Novidades da Vitrine de Goi\u00e1s","potentialAction":[{"@type":"SearchAction","target":{"@type":"EntryPoint","urlTemplate":"https:\/\/flamboyant.com.br\/blog\/?s={search_term_string}"},"query-input":"required name=search_term_string"}],"inLanguage":"pt-BR"},{"@type":"Person","@id":"https:\/\/flamboyant.com.br\/blog\/#\/schema\/person\/49258be627c01b98ebbb2bd78cbddf24","name":"Equipe Blog Flamboyant","image":{"@type":"ImageObject","inLanguage":"pt-BR","@id":"https:\/\/flamboyant.com.br\/blog\/#\/schema\/person\/image\/","url":"https:\/\/secure.gravatar.com\/avatar\/9e0ffb239b8d69c641e4a234173437d3?s=96&d=blank&r=g","contentUrl":"https:\/\/secure.gravatar.com\/avatar\/9e0ffb239b8d69c641e4a234173437d3?s=96&d=blank&r=g","caption":"Equipe Blog Flamboyant"},"url":"https:\/\/flamboyant.com.br\/blog\/author\/equipe-blog-flamboyant\/"}]}},"_links":{"self":[{"href":"https:\/\/flamboyant.com.br\/blog\/wp-json\/wp\/v2\/posts\/26377"}],"collection":[{"href":"https:\/\/flamboyant.com.br\/blog\/wp-json\/wp\/v2\/posts"}],"about":[{"href":"https:\/\/flamboyant.com.br\/blog\/wp-json\/wp\/v2\/types\/post"}],"author":[{"embeddable":true,"href":"https:\/\/flamboyant.com.br\/blog\/wp-json\/wp\/v2\/users\/4"}],"replies":[{"embeddable":true,"href":"https:\/\/flamboyant.com.br\/blog\/wp-json\/wp\/v2\/comments?post=26377"}],"version-history":[{"count":5,"href":"https:\/\/flamboyant.com.br\/blog\/wp-json\/wp\/v2\/posts\/26377\/revisions"}],"predecessor-version":[{"id":26391,"href":"https:\/\/flamboyant.com.br\/blog\/wp-json\/wp\/v2\/posts\/26377\/revisions\/26391"}],"wp:featuredmedia":[{"embeddable":true,"href":"https:\/\/flamboyant.com.br\/blog\/wp-json\/wp\/v2\/media\/26379"}],"wp:attachment":[{"href":"https:\/\/flamboyant.com.br\/blog\/wp-json\/wp\/v2\/media?parent=26377"}],"wp:term":[{"taxonomy":"category","embeddable":true,"href":"https:\/\/flamboyant.com.br\/blog\/wp-json\/wp\/v2\/categories?post=26377"},{"taxonomy":"post_tag","embeddable":true,"href":"https:\/\/flamboyant.com.br\/blog\/wp-json\/wp\/v2\/tags?post=26377"}],"curies":[{"name":"wp","href":"https:\/\/api.w.org\/{rel}","templated":true}]}}