
{"id":27252,"date":"2019-05-30T15:40:17","date_gmt":"2019-05-30T18:40:17","guid":{"rendered":"http:\/\/flamboyant.com.br\/blog\/?p=27252"},"modified":"2019-05-30T15:40:17","modified_gmt":"2019-05-30T18:40:17","slug":"conexao-flamboyant-visao-integrativa-da-saude","status":"publish","type":"post","link":"https:\/\/flamboyant.com.br\/blog\/2019\/05\/conexao-flamboyant-visao-integrativa-da-saude\/","title":{"rendered":"Conex\u00e3o Flamboyant: Vis\u00e3o Integrativa da Sa\u00fade"},"content":{"rendered":"<p style=\"text-align: left;\">Agora o bate-papo foi sobre a sa\u00fade do corpo, mente e energia. As m\u00e9dicas Marcella Barra e Tha\u00eds Padr\u00e3o explicaram um pouco da vis\u00e3o integrativa da sa\u00fade, em como a medicina integrativa pode ser uma preventiva. Quer saber o que mais essa dupla apresentou na Conex\u00e3o Flamboyant? Ent\u00e3o clique para ler mais. <!--more--><\/p>\n<p><a href=\"http:\/\/flamboyant.com.br\/blog\/wp-content\/uploads\/2019\/05\/E6B204D0-7BC7-4C04-AEEC-B2A60A647DFD.jpeg\" rel=\"lightbox[27252]\"><img decoding=\"async\" loading=\"lazy\" class=\"alignnone size-full wp-image-27254\" src=\"http:\/\/flamboyant.com.br\/blog\/wp-content\/uploads\/2019\/05\/E6B204D0-7BC7-4C04-AEEC-B2A60A647DFD.jpeg\" alt=\"\" width=\"1280\" height=\"853\" srcset=\"https:\/\/flamboyant.com.br\/blog\/wp-content\/uploads\/2019\/05\/E6B204D0-7BC7-4C04-AEEC-B2A60A647DFD.jpeg 1280w, https:\/\/flamboyant.com.br\/blog\/wp-content\/uploads\/2019\/05\/E6B204D0-7BC7-4C04-AEEC-B2A60A647DFD-300x200.jpeg 300w, https:\/\/flamboyant.com.br\/blog\/wp-content\/uploads\/2019\/05\/E6B204D0-7BC7-4C04-AEEC-B2A60A647DFD-768x512.jpeg 768w, https:\/\/flamboyant.com.br\/blog\/wp-content\/uploads\/2019\/05\/E6B204D0-7BC7-4C04-AEEC-B2A60A647DFD-1024x682.jpeg 1024w, https:\/\/flamboyant.com.br\/blog\/wp-content\/uploads\/2019\/05\/E6B204D0-7BC7-4C04-AEEC-B2A60A647DFD-120x80.jpeg 120w, https:\/\/flamboyant.com.br\/blog\/wp-content\/uploads\/2019\/05\/E6B204D0-7BC7-4C04-AEEC-B2A60A647DFD-255x170.jpeg 255w, https:\/\/flamboyant.com.br\/blog\/wp-content\/uploads\/2019\/05\/E6B204D0-7BC7-4C04-AEEC-B2A60A647DFD-345x230.jpeg 345w\" sizes=\"(max-width: 1280px) 100vw, 1280px\" \/><\/a>Na vibe da vida simples, as m\u00e9dicas trouxeram informa\u00e7\u00f5es importantes sobre como podemos previnir males ao nosso corpo, mente e energia com a medicina integrativa e que precisamos traz\u00ea la o mais cedo poss\u00edvel para nossa vida, afinal sem mudan\u00e7as de h\u00e1bitos nunca teremos mudan\u00e7as na sa\u00fade. <a href=\"http:\/\/flamboyant.com.br\/blog\/wp-content\/uploads\/2019\/05\/AD11038E-C48D-4C30-9423-6177DB6E2E1A.jpeg\" rel=\"lightbox[27252]\"><img decoding=\"async\" loading=\"lazy\" class=\"alignnone size-full wp-image-27255\" src=\"http:\/\/flamboyant.com.br\/blog\/wp-content\/uploads\/2019\/05\/AD11038E-C48D-4C30-9423-6177DB6E2E1A.jpeg\" alt=\"\" width=\"853\" height=\"1280\" srcset=\"https:\/\/flamboyant.com.br\/blog\/wp-content\/uploads\/2019\/05\/AD11038E-C48D-4C30-9423-6177DB6E2E1A.jpeg 853w, https:\/\/flamboyant.com.br\/blog\/wp-content\/uploads\/2019\/05\/AD11038E-C48D-4C30-9423-6177DB6E2E1A-200x300.jpeg 200w, https:\/\/flamboyant.com.br\/blog\/wp-content\/uploads\/2019\/05\/AD11038E-C48D-4C30-9423-6177DB6E2E1A-768x1152.jpeg 768w, https:\/\/flamboyant.com.br\/blog\/wp-content\/uploads\/2019\/05\/AD11038E-C48D-4C30-9423-6177DB6E2E1A-682x1024.jpeg 682w\" sizes=\"(max-width: 853px) 100vw, 853px\" \/><\/a><a href=\"http:\/\/flamboyant.com.br\/blog\/wp-content\/uploads\/2019\/05\/461258B0-B93C-4FF3-81E9-7E716C198D8F.jpeg\" rel=\"lightbox[27252]\"><img decoding=\"async\" loading=\"lazy\" class=\"alignnone size-full wp-image-27253\" src=\"http:\/\/flamboyant.com.br\/blog\/wp-content\/uploads\/2019\/05\/461258B0-B93C-4FF3-81E9-7E716C198D8F.jpeg\" alt=\"\" width=\"853\" height=\"1280\" srcset=\"https:\/\/flamboyant.com.br\/blog\/wp-content\/uploads\/2019\/05\/461258B0-B93C-4FF3-81E9-7E716C198D8F.jpeg 853w, https:\/\/flamboyant.com.br\/blog\/wp-content\/uploads\/2019\/05\/461258B0-B93C-4FF3-81E9-7E716C198D8F-200x300.jpeg 200w, https:\/\/flamboyant.com.br\/blog\/wp-content\/uploads\/2019\/05\/461258B0-B93C-4FF3-81E9-7E716C198D8F-768x1152.jpeg 768w, https:\/\/flamboyant.com.br\/blog\/wp-content\/uploads\/2019\/05\/461258B0-B93C-4FF3-81E9-7E716C198D8F-682x1024.jpeg 682w\" sizes=\"(max-width: 853px) 100vw, 853px\" \/><\/a><\/p>\n<p>Sobre a roda que engloba a medicina integrativa, elas fizeram alguns destaques: medicina convencional + medicina mente e corpo + gest\u00e3o de emo\u00e7\u00f5es + nutri\u00e7\u00e3o + acupuntura + fisioterapia + estilo de vida + exerc\u00edcio f\u00edsico. Tudo est\u00e1 interligado e auto-observa\u00e7\u00e3o tamb\u00e9m \u00e9 indispens\u00e1vel para manuten\u00e7\u00e3o da sa\u00fade.<\/p>\n<p>E vamos l\u00e1, tem muito mais informa\u00e7\u00e3o para voc\u00ea aqui na Conex\u00e3o Flamboyant por vida simples. Fique ligado!!<\/p>\n","protected":false},"excerpt":{"rendered":"<p>Agora o bate-papo foi sobre a sa\u00fade do corpo, mente e energia. As m\u00e9dicas Marcella Barra e Tha\u00eds Padr\u00e3o explicaram&#8230;<\/p>\n","protected":false},"author":4,"featured_media":27256,"comment_status":"open","ping_status":"open","sticky":false,"template":"","format":"standard","meta":{"_mi_skip_tracking":false},"categories":[2094],"tags":[2588,2273,2591,340,2587],"yoast_head":"<!-- This site is optimized with the Yoast SEO plugin v20.11 - https:\/\/yoast.com\/wordpress\/plugins\/seo\/ -->\n<title>Conex\u00e3o Flamboyant: Vis\u00e3o Integrativa da Sa\u00fade - Blog Flamboyant<\/title>\n<meta name=\"robots\" content=\"index, follow, max-snippet:-1, max-image-preview:large, max-video-preview:-1\" \/>\n<link rel=\"canonical\" href=\"https:\/\/flamboyant.com.br\/blog\/2019\/05\/conexao-flamboyant-visao-integrativa-da-saude\/\" \/>\n<meta property=\"og:locale\" content=\"pt_BR\" \/>\n<meta property=\"og:type\" content=\"article\" \/>\n<meta property=\"og:title\" content=\"Conex\u00e3o Flamboyant: Vis\u00e3o Integrativa da Sa\u00fade - Blog Flamboyant\" \/>\n<meta property=\"og:description\" content=\"Agora o bate-papo foi sobre a sa\u00fade do corpo, mente e energia. As m\u00e9dicas Marcella Barra e Tha\u00eds Padr\u00e3o explicaram...\" \/>\n<meta property=\"og:url\" content=\"https:\/\/flamboyant.com.br\/blog\/2019\/05\/conexao-flamboyant-visao-integrativa-da-saude\/\" \/>\n<meta property=\"og:site_name\" content=\"Blog Flamboyant\" \/>\n<meta property=\"article:published_time\" content=\"2019-05-30T18:40:17+00:00\" \/>\n<meta property=\"og:image\" content=\"https:\/\/flamboyant.com.br\/blog\/wp-content\/uploads\/2019\/05\/A34E13EB-E213-4B68-A102-AD0DDDBE7031.jpeg\" \/>\n\t<meta property=\"og:image:width\" content=\"1280\" \/>\n\t<meta property=\"og:image:height\" content=\"853\" \/>\n\t<meta property=\"og:image:type\" content=\"image\/jpeg\" \/>\n<meta name=\"author\" content=\"Equipe Blog Flamboyant\" \/>\n<meta name=\"twitter:card\" content=\"summary_large_image\" \/>\n<meta name=\"twitter:label1\" content=\"Written by\" \/>\n\t<meta name=\"twitter:data1\" content=\"Equipe Blog Flamboyant\" \/>\n\t<meta name=\"twitter:label2\" content=\"Est. reading time\" \/>\n\t<meta name=\"twitter:data2\" content=\"1 minuto\" \/>\n<script type=\"application\/ld+json\" class=\"yoast-schema-graph\">{\"@context\":\"https:\/\/schema.org\",\"@graph\":[{\"@type\":\"WebPage\",\"@id\":\"https:\/\/flamboyant.com.br\/blog\/2019\/05\/conexao-flamboyant-visao-integrativa-da-saude\/\",\"url\":\"https:\/\/flamboyant.com.br\/blog\/2019\/05\/conexao-flamboyant-visao-integrativa-da-saude\/\",\"name\":\"Conex\u00e3o Flamboyant: Vis\u00e3o Integrativa da Sa\u00fade - Blog Flamboyant\",\"isPartOf\":{\"@id\":\"https:\/\/flamboyant.com.br\/blog\/#website\"},\"datePublished\":\"2019-05-30T18:40:17+00:00\",\"dateModified\":\"2019-05-30T18:40:17+00:00\",\"author\":{\"@id\":\"https:\/\/flamboyant.com.br\/blog\/#\/schema\/person\/49258be627c01b98ebbb2bd78cbddf24\"},\"inLanguage\":\"pt-BR\",\"potentialAction\":[{\"@type\":\"ReadAction\",\"target\":[\"https:\/\/flamboyant.com.br\/blog\/2019\/05\/conexao-flamboyant-visao-integrativa-da-saude\/\"]}]},{\"@type\":\"WebSite\",\"@id\":\"https:\/\/flamboyant.com.br\/blog\/#website\",\"url\":\"https:\/\/flamboyant.com.br\/blog\/\",\"name\":\"Blog Flamboyant\",\"description\":\"Novidades da Vitrine de Goi\u00e1s\",\"potentialAction\":[{\"@type\":\"SearchAction\",\"target\":{\"@type\":\"EntryPoint\",\"urlTemplate\":\"https:\/\/flamboyant.com.br\/blog\/?s={search_term_string}\"},\"query-input\":\"required name=search_term_string\"}],\"inLanguage\":\"pt-BR\"},{\"@type\":\"Person\",\"@id\":\"https:\/\/flamboyant.com.br\/blog\/#\/schema\/person\/49258be627c01b98ebbb2bd78cbddf24\",\"name\":\"Equipe Blog Flamboyant\",\"image\":{\"@type\":\"ImageObject\",\"inLanguage\":\"pt-BR\",\"@id\":\"https:\/\/flamboyant.com.br\/blog\/#\/schema\/person\/image\/\",\"url\":\"https:\/\/secure.gravatar.com\/avatar\/9e0ffb239b8d69c641e4a234173437d3?s=96&d=blank&r=g\",\"contentUrl\":\"https:\/\/secure.gravatar.com\/avatar\/9e0ffb239b8d69c641e4a234173437d3?s=96&d=blank&r=g\",\"caption\":\"Equipe Blog Flamboyant\"},\"url\":\"https:\/\/flamboyant.com.br\/blog\/author\/equipe-blog-flamboyant\/\"}]}<\/script>\n<!-- \/ Yoast SEO plugin. -->","yoast_head_json":{"title":"Conex\u00e3o Flamboyant: Vis\u00e3o Integrativa da Sa\u00fade - Blog Flamboyant","robots":{"index":"index","follow":"follow","max-snippet":"max-snippet:-1","max-image-preview":"max-image-preview:large","max-video-preview":"max-video-preview:-1"},"canonical":"https:\/\/flamboyant.com.br\/blog\/2019\/05\/conexao-flamboyant-visao-integrativa-da-saude\/","og_locale":"pt_BR","og_type":"article","og_title":"Conex\u00e3o Flamboyant: Vis\u00e3o Integrativa da Sa\u00fade - Blog Flamboyant","og_description":"Agora o bate-papo foi sobre a sa\u00fade do corpo, mente e energia. As m\u00e9dicas Marcella Barra e Tha\u00eds Padr\u00e3o explicaram...","og_url":"https:\/\/flamboyant.com.br\/blog\/2019\/05\/conexao-flamboyant-visao-integrativa-da-saude\/","og_site_name":"Blog Flamboyant","article_published_time":"2019-05-30T18:40:17+00:00","og_image":[{"width":1280,"height":853,"url":"https:\/\/flamboyant.com.br\/blog\/wp-content\/uploads\/2019\/05\/A34E13EB-E213-4B68-A102-AD0DDDBE7031.jpeg","type":"image\/jpeg"}],"author":"Equipe Blog Flamboyant","twitter_card":"summary_large_image","twitter_misc":{"Written by":"Equipe Blog Flamboyant","Est. reading time":"1 minuto"},"schema":{"@context":"https:\/\/schema.org","@graph":[{"@type":"WebPage","@id":"https:\/\/flamboyant.com.br\/blog\/2019\/05\/conexao-flamboyant-visao-integrativa-da-saude\/","url":"https:\/\/flamboyant.com.br\/blog\/2019\/05\/conexao-flamboyant-visao-integrativa-da-saude\/","name":"Conex\u00e3o Flamboyant: Vis\u00e3o Integrativa da Sa\u00fade - Blog Flamboyant","isPartOf":{"@id":"https:\/\/flamboyant.com.br\/blog\/#website"},"datePublished":"2019-05-30T18:40:17+00:00","dateModified":"2019-05-30T18:40:17+00:00","author":{"@id":"https:\/\/flamboyant.com.br\/blog\/#\/schema\/person\/49258be627c01b98ebbb2bd78cbddf24"},"inLanguage":"pt-BR","potentialAction":[{"@type":"ReadAction","target":["https:\/\/flamboyant.com.br\/blog\/2019\/05\/conexao-flamboyant-visao-integrativa-da-saude\/"]}]},{"@type":"WebSite","@id":"https:\/\/flamboyant.com.br\/blog\/#website","url":"https:\/\/flamboyant.com.br\/blog\/","name":"Blog Flamboyant","description":"Novidades da Vitrine de Goi\u00e1s","potentialAction":[{"@type":"SearchAction","target":{"@type":"EntryPoint","urlTemplate":"https:\/\/flamboyant.com.br\/blog\/?s={search_term_string}"},"query-input":"required name=search_term_string"}],"inLanguage":"pt-BR"},{"@type":"Person","@id":"https:\/\/flamboyant.com.br\/blog\/#\/schema\/person\/49258be627c01b98ebbb2bd78cbddf24","name":"Equipe Blog Flamboyant","image":{"@type":"ImageObject","inLanguage":"pt-BR","@id":"https:\/\/flamboyant.com.br\/blog\/#\/schema\/person\/image\/","url":"https:\/\/secure.gravatar.com\/avatar\/9e0ffb239b8d69c641e4a234173437d3?s=96&d=blank&r=g","contentUrl":"https:\/\/secure.gravatar.com\/avatar\/9e0ffb239b8d69c641e4a234173437d3?s=96&d=blank&r=g","caption":"Equipe Blog Flamboyant"},"url":"https:\/\/flamboyant.com.br\/blog\/author\/equipe-blog-flamboyant\/"}]}},"_links":{"self":[{"href":"https:\/\/flamboyant.com.br\/blog\/wp-json\/wp\/v2\/posts\/27252"}],"collection":[{"href":"https:\/\/flamboyant.com.br\/blog\/wp-json\/wp\/v2\/posts"}],"about":[{"href":"https:\/\/flamboyant.com.br\/blog\/wp-json\/wp\/v2\/types\/post"}],"author":[{"embeddable":true,"href":"https:\/\/flamboyant.com.br\/blog\/wp-json\/wp\/v2\/users\/4"}],"replies":[{"embeddable":true,"href":"https:\/\/flamboyant.com.br\/blog\/wp-json\/wp\/v2\/comments?post=27252"}],"version-history":[{"count":2,"href":"https:\/\/flamboyant.com.br\/blog\/wp-json\/wp\/v2\/posts\/27252\/revisions"}],"predecessor-version":[{"id":27258,"href":"https:\/\/flamboyant.com.br\/blog\/wp-json\/wp\/v2\/posts\/27252\/revisions\/27258"}],"wp:featuredmedia":[{"embeddable":true,"href":"https:\/\/flamboyant.com.br\/blog\/wp-json\/wp\/v2\/media\/27256"}],"wp:attachment":[{"href":"https:\/\/flamboyant.com.br\/blog\/wp-json\/wp\/v2\/media?parent=27252"}],"wp:term":[{"taxonomy":"category","embeddable":true,"href":"https:\/\/flamboyant.com.br\/blog\/wp-json\/wp\/v2\/categories?post=27252"},{"taxonomy":"post_tag","embeddable":true,"href":"https:\/\/flamboyant.com.br\/blog\/wp-json\/wp\/v2\/tags?post=27252"}],"curies":[{"name":"wp","href":"https:\/\/api.w.org\/{rel}","templated":true}]}}