
{"id":27636,"date":"2019-07-22T15:06:05","date_gmt":"2019-07-22T18:06:05","guid":{"rendered":"http:\/\/flamboyant.com.br\/blog\/?p=27636"},"modified":"2019-07-22T15:06:05","modified_gmt":"2019-07-22T18:06:05","slug":"teatro-e-cinema-no-garden-2019-2","status":"publish","type":"post","link":"https:\/\/flamboyant.com.br\/blog\/2019\/07\/teatro-e-cinema-no-garden-2019-2\/","title":{"rendered":"Teatro e Cinema no Garden 2019\/2"},"content":{"rendered":"<p>N\u00e3o d\u00e1 pra acreditar que j\u00e1 estamos na pen\u00faltima semana do Flamboyant Garden Festival, parece que foi ontem que publicamos todo o roteiro pra voc\u00ea curtir as f\u00e9rias com a gente. E hoje n\u00f3s viemos falar da programa\u00e7\u00e3o dessa semana que est\u00e1 pra l\u00e1 de especial!<!--more--><\/p>\n<p>Amanha, \u00e9 dia de Teatro no Garden com a incr\u00edvel hist\u00f3ria \u201cLuas e Luas\u201d do grupo Zabriskie. Os palha\u00e7os Juca Mole e Ana Banana v\u00e3o brincar de castelo, princesa, rainha e todos os outros personagens que a plateia decidir criar para ajudar a princesinha a conseguir a lua. Com um ba\u00fa cheio de brinquedos, as pessoas v\u00e3o participar da constru\u00e7\u00e3o da hist\u00f3ria e aos poucos todos juntos v\u00e3o criar algo \u00fanico e especial, vai ser uma festa!<\/p>\n<p><a href=\"http:\/\/flamboyant.com.br\/blog\/wp-content\/uploads\/2019\/07\/EB60BB6A-A38B-4C1A-AC23-9B0C32DABE64.jpeg\" rel=\"lightbox[27636]\"><img decoding=\"async\" loading=\"lazy\" class=\"alignnone size-full wp-image-27640\" src=\"http:\/\/flamboyant.com.br\/blog\/wp-content\/uploads\/2019\/07\/EB60BB6A-A38B-4C1A-AC23-9B0C32DABE64.jpeg\" alt=\"\" width=\"1242\" height=\"1106\" srcset=\"https:\/\/flamboyant.com.br\/blog\/wp-content\/uploads\/2019\/07\/EB60BB6A-A38B-4C1A-AC23-9B0C32DABE64.jpeg 1242w, https:\/\/flamboyant.com.br\/blog\/wp-content\/uploads\/2019\/07\/EB60BB6A-A38B-4C1A-AC23-9B0C32DABE64-300x267.jpeg 300w, https:\/\/flamboyant.com.br\/blog\/wp-content\/uploads\/2019\/07\/EB60BB6A-A38B-4C1A-AC23-9B0C32DABE64-768x684.jpeg 768w, https:\/\/flamboyant.com.br\/blog\/wp-content\/uploads\/2019\/07\/EB60BB6A-A38B-4C1A-AC23-9B0C32DABE64-1024x912.jpeg 1024w\" sizes=\"(max-width: 1242px) 100vw, 1242px\" \/><\/a><a href=\"http:\/\/flamboyant.com.br\/blog\/wp-content\/uploads\/2019\/07\/AF379890-259B-4035-9046-E8FCCFD190CD.jpeg\" rel=\"lightbox[27636]\"><img decoding=\"async\" loading=\"lazy\" class=\"alignnone size-full wp-image-27638\" src=\"http:\/\/flamboyant.com.br\/blog\/wp-content\/uploads\/2019\/07\/AF379890-259B-4035-9046-E8FCCFD190CD.jpeg\" alt=\"\" width=\"899\" height=\"1280\" srcset=\"https:\/\/flamboyant.com.br\/blog\/wp-content\/uploads\/2019\/07\/AF379890-259B-4035-9046-E8FCCFD190CD.jpeg 899w, https:\/\/flamboyant.com.br\/blog\/wp-content\/uploads\/2019\/07\/AF379890-259B-4035-9046-E8FCCFD190CD-211x300.jpeg 211w, https:\/\/flamboyant.com.br\/blog\/wp-content\/uploads\/2019\/07\/AF379890-259B-4035-9046-E8FCCFD190CD-768x1093.jpeg 768w, https:\/\/flamboyant.com.br\/blog\/wp-content\/uploads\/2019\/07\/AF379890-259B-4035-9046-E8FCCFD190CD-719x1024.jpeg 719w\" sizes=\"(max-width: 899px) 100vw, 899px\" \/><\/a><\/p>\n<p>Na quinta feira \u00e9 dia de chegar cedo pra pegar seu lugarzinho aqui no Garden. Com o filme, Toy Story 3 na telona ningu\u00e9m vai querer ficar de fora do cinema ao ar livre.<\/p>\n<p>O filme conta um pouquinho mais da hist\u00f3ria dos brinquedos mais legais do cinema durante a prepara\u00e7\u00e3o de seu dono Andy para ir \u00e0 faculdade. Ser\u00e1 que eles ficar\u00e3o bem? Voc\u00ea n\u00e3o pode perder o desenrolar dessa anima\u00e7\u00e3o.<\/p>\n<p><a href=\"http:\/\/flamboyant.com.br\/blog\/wp-content\/uploads\/2019\/07\/625503F8-7F3D-4034-942B-5973827685DF.jpeg\" rel=\"lightbox[27636]\"><img decoding=\"async\" loading=\"lazy\" class=\"alignnone size-full wp-image-27637\" src=\"http:\/\/flamboyant.com.br\/blog\/wp-content\/uploads\/2019\/07\/625503F8-7F3D-4034-942B-5973827685DF.jpeg\" alt=\"\" width=\"1242\" height=\"1116\" srcset=\"https:\/\/flamboyant.com.br\/blog\/wp-content\/uploads\/2019\/07\/625503F8-7F3D-4034-942B-5973827685DF.jpeg 1242w, https:\/\/flamboyant.com.br\/blog\/wp-content\/uploads\/2019\/07\/625503F8-7F3D-4034-942B-5973827685DF-300x270.jpeg 300w, https:\/\/flamboyant.com.br\/blog\/wp-content\/uploads\/2019\/07\/625503F8-7F3D-4034-942B-5973827685DF-768x690.jpeg 768w, https:\/\/flamboyant.com.br\/blog\/wp-content\/uploads\/2019\/07\/625503F8-7F3D-4034-942B-5973827685DF-1024x920.jpeg 1024w\" sizes=\"(max-width: 1242px) 100vw, 1242px\" \/><\/a><a href=\"http:\/\/flamboyant.com.br\/blog\/wp-content\/uploads\/2019\/07\/BBEDE1FA-7FB4-4163-8EE3-9B384607051A.jpeg\" rel=\"lightbox[27636]\"><img decoding=\"async\" loading=\"lazy\" class=\"alignnone size-full wp-image-27639\" src=\"http:\/\/flamboyant.com.br\/blog\/wp-content\/uploads\/2019\/07\/BBEDE1FA-7FB4-4163-8EE3-9B384607051A.jpeg\" alt=\"\" width=\"678\" height=\"452\" srcset=\"https:\/\/flamboyant.com.br\/blog\/wp-content\/uploads\/2019\/07\/BBEDE1FA-7FB4-4163-8EE3-9B384607051A.jpeg 678w, https:\/\/flamboyant.com.br\/blog\/wp-content\/uploads\/2019\/07\/BBEDE1FA-7FB4-4163-8EE3-9B384607051A-300x200.jpeg 300w, https:\/\/flamboyant.com.br\/blog\/wp-content\/uploads\/2019\/07\/BBEDE1FA-7FB4-4163-8EE3-9B384607051A-120x80.jpeg 120w, https:\/\/flamboyant.com.br\/blog\/wp-content\/uploads\/2019\/07\/BBEDE1FA-7FB4-4163-8EE3-9B384607051A-255x170.jpeg 255w, https:\/\/flamboyant.com.br\/blog\/wp-content\/uploads\/2019\/07\/BBEDE1FA-7FB4-4163-8EE3-9B384607051A-345x230.jpeg 345w\" sizes=\"(max-width: 678px) 100vw, 678px\" \/><\/a><\/p>\n<p>N\u00e3o esque\u00e7a que as programa\u00e7\u00f5es come\u00e7am \u00e0s 19h30 e tem entrada franca. Ent\u00e3o, \u00e9 s\u00f3 deixar a data e o hor\u00e1rio marcado nos lembretes e trazer a fam\u00edlia pra aproveitar as f\u00e9rias aqui no Flamboyant Shopping.<\/p>\n<p>Estamos te esperando!<\/p>\n","protected":false},"excerpt":{"rendered":"<p>N\u00e3o d\u00e1 pra acreditar que j\u00e1 estamos na pen\u00faltima semana do Flamboyant Garden Festival, parece que foi ontem que publicamos&#8230;<\/p>\n","protected":false},"author":4,"featured_media":27639,"comment_status":"open","ping_status":"open","sticky":false,"template":"","format":"standard","meta":{"_mi_skip_tracking":false},"categories":[2094],"tags":[1626,2083,2273,2349,2612,2613],"yoast_head":"<!-- This site is optimized with the Yoast SEO plugin v20.11 - https:\/\/yoast.com\/wordpress\/plugins\/seo\/ -->\n<title>Teatro e Cinema no Garden 2019\/2 - Blog Flamboyant<\/title>\n<meta name=\"robots\" content=\"index, follow, max-snippet:-1, max-image-preview:large, max-video-preview:-1\" \/>\n<link rel=\"canonical\" href=\"https:\/\/flamboyant.com.br\/blog\/2019\/07\/teatro-e-cinema-no-garden-2019-2\/\" \/>\n<meta property=\"og:locale\" content=\"pt_BR\" \/>\n<meta property=\"og:type\" content=\"article\" \/>\n<meta property=\"og:title\" content=\"Teatro e Cinema no Garden 2019\/2 - Blog Flamboyant\" \/>\n<meta property=\"og:description\" content=\"N\u00e3o d\u00e1 pra acreditar que j\u00e1 estamos na pen\u00faltima semana do Flamboyant Garden Festival, parece que foi ontem que publicamos...\" \/>\n<meta property=\"og:url\" content=\"https:\/\/flamboyant.com.br\/blog\/2019\/07\/teatro-e-cinema-no-garden-2019-2\/\" \/>\n<meta property=\"og:site_name\" content=\"Blog Flamboyant\" \/>\n<meta property=\"article:published_time\" content=\"2019-07-22T18:06:05+00:00\" \/>\n<meta property=\"og:image\" content=\"https:\/\/flamboyant.com.br\/blog\/wp-content\/uploads\/2019\/07\/BBEDE1FA-7FB4-4163-8EE3-9B384607051A.jpeg\" \/>\n\t<meta property=\"og:image:width\" content=\"678\" \/>\n\t<meta property=\"og:image:height\" content=\"452\" \/>\n\t<meta property=\"og:image:type\" content=\"image\/jpeg\" \/>\n<meta name=\"author\" content=\"Equipe Blog Flamboyant\" \/>\n<meta name=\"twitter:card\" content=\"summary_large_image\" \/>\n<meta name=\"twitter:label1\" content=\"Written by\" \/>\n\t<meta name=\"twitter:data1\" content=\"Equipe Blog Flamboyant\" \/>\n\t<meta name=\"twitter:label2\" content=\"Est. reading time\" \/>\n\t<meta name=\"twitter:data2\" content=\"1 minuto\" \/>\n<script type=\"application\/ld+json\" class=\"yoast-schema-graph\">{\"@context\":\"https:\/\/schema.org\",\"@graph\":[{\"@type\":\"WebPage\",\"@id\":\"https:\/\/flamboyant.com.br\/blog\/2019\/07\/teatro-e-cinema-no-garden-2019-2\/\",\"url\":\"https:\/\/flamboyant.com.br\/blog\/2019\/07\/teatro-e-cinema-no-garden-2019-2\/\",\"name\":\"Teatro e Cinema no Garden 2019\/2 - Blog Flamboyant\",\"isPartOf\":{\"@id\":\"https:\/\/flamboyant.com.br\/blog\/#website\"},\"datePublished\":\"2019-07-22T18:06:05+00:00\",\"dateModified\":\"2019-07-22T18:06:05+00:00\",\"author\":{\"@id\":\"https:\/\/flamboyant.com.br\/blog\/#\/schema\/person\/49258be627c01b98ebbb2bd78cbddf24\"},\"inLanguage\":\"pt-BR\",\"potentialAction\":[{\"@type\":\"ReadAction\",\"target\":[\"https:\/\/flamboyant.com.br\/blog\/2019\/07\/teatro-e-cinema-no-garden-2019-2\/\"]}]},{\"@type\":\"WebSite\",\"@id\":\"https:\/\/flamboyant.com.br\/blog\/#website\",\"url\":\"https:\/\/flamboyant.com.br\/blog\/\",\"name\":\"Blog Flamboyant\",\"description\":\"Novidades da Vitrine de Goi\u00e1s\",\"potentialAction\":[{\"@type\":\"SearchAction\",\"target\":{\"@type\":\"EntryPoint\",\"urlTemplate\":\"https:\/\/flamboyant.com.br\/blog\/?s={search_term_string}\"},\"query-input\":\"required name=search_term_string\"}],\"inLanguage\":\"pt-BR\"},{\"@type\":\"Person\",\"@id\":\"https:\/\/flamboyant.com.br\/blog\/#\/schema\/person\/49258be627c01b98ebbb2bd78cbddf24\",\"name\":\"Equipe Blog Flamboyant\",\"image\":{\"@type\":\"ImageObject\",\"inLanguage\":\"pt-BR\",\"@id\":\"https:\/\/flamboyant.com.br\/blog\/#\/schema\/person\/image\/\",\"url\":\"https:\/\/secure.gravatar.com\/avatar\/9e0ffb239b8d69c641e4a234173437d3?s=96&d=blank&r=g\",\"contentUrl\":\"https:\/\/secure.gravatar.com\/avatar\/9e0ffb239b8d69c641e4a234173437d3?s=96&d=blank&r=g\",\"caption\":\"Equipe Blog Flamboyant\"},\"url\":\"https:\/\/flamboyant.com.br\/blog\/author\/equipe-blog-flamboyant\/\"}]}<\/script>\n<!-- \/ Yoast SEO plugin. -->","yoast_head_json":{"title":"Teatro e Cinema no Garden 2019\/2 - Blog Flamboyant","robots":{"index":"index","follow":"follow","max-snippet":"max-snippet:-1","max-image-preview":"max-image-preview:large","max-video-preview":"max-video-preview:-1"},"canonical":"https:\/\/flamboyant.com.br\/blog\/2019\/07\/teatro-e-cinema-no-garden-2019-2\/","og_locale":"pt_BR","og_type":"article","og_title":"Teatro e Cinema no Garden 2019\/2 - Blog Flamboyant","og_description":"N\u00e3o d\u00e1 pra acreditar que j\u00e1 estamos na pen\u00faltima semana do Flamboyant Garden Festival, parece que foi ontem que publicamos...","og_url":"https:\/\/flamboyant.com.br\/blog\/2019\/07\/teatro-e-cinema-no-garden-2019-2\/","og_site_name":"Blog Flamboyant","article_published_time":"2019-07-22T18:06:05+00:00","og_image":[{"width":678,"height":452,"url":"https:\/\/flamboyant.com.br\/blog\/wp-content\/uploads\/2019\/07\/BBEDE1FA-7FB4-4163-8EE3-9B384607051A.jpeg","type":"image\/jpeg"}],"author":"Equipe Blog Flamboyant","twitter_card":"summary_large_image","twitter_misc":{"Written by":"Equipe Blog Flamboyant","Est. reading time":"1 minuto"},"schema":{"@context":"https:\/\/schema.org","@graph":[{"@type":"WebPage","@id":"https:\/\/flamboyant.com.br\/blog\/2019\/07\/teatro-e-cinema-no-garden-2019-2\/","url":"https:\/\/flamboyant.com.br\/blog\/2019\/07\/teatro-e-cinema-no-garden-2019-2\/","name":"Teatro e Cinema no Garden 2019\/2 - Blog Flamboyant","isPartOf":{"@id":"https:\/\/flamboyant.com.br\/blog\/#website"},"datePublished":"2019-07-22T18:06:05+00:00","dateModified":"2019-07-22T18:06:05+00:00","author":{"@id":"https:\/\/flamboyant.com.br\/blog\/#\/schema\/person\/49258be627c01b98ebbb2bd78cbddf24"},"inLanguage":"pt-BR","potentialAction":[{"@type":"ReadAction","target":["https:\/\/flamboyant.com.br\/blog\/2019\/07\/teatro-e-cinema-no-garden-2019-2\/"]}]},{"@type":"WebSite","@id":"https:\/\/flamboyant.com.br\/blog\/#website","url":"https:\/\/flamboyant.com.br\/blog\/","name":"Blog Flamboyant","description":"Novidades da Vitrine de Goi\u00e1s","potentialAction":[{"@type":"SearchAction","target":{"@type":"EntryPoint","urlTemplate":"https:\/\/flamboyant.com.br\/blog\/?s={search_term_string}"},"query-input":"required name=search_term_string"}],"inLanguage":"pt-BR"},{"@type":"Person","@id":"https:\/\/flamboyant.com.br\/blog\/#\/schema\/person\/49258be627c01b98ebbb2bd78cbddf24","name":"Equipe Blog Flamboyant","image":{"@type":"ImageObject","inLanguage":"pt-BR","@id":"https:\/\/flamboyant.com.br\/blog\/#\/schema\/person\/image\/","url":"https:\/\/secure.gravatar.com\/avatar\/9e0ffb239b8d69c641e4a234173437d3?s=96&d=blank&r=g","contentUrl":"https:\/\/secure.gravatar.com\/avatar\/9e0ffb239b8d69c641e4a234173437d3?s=96&d=blank&r=g","caption":"Equipe Blog Flamboyant"},"url":"https:\/\/flamboyant.com.br\/blog\/author\/equipe-blog-flamboyant\/"}]}},"_links":{"self":[{"href":"https:\/\/flamboyant.com.br\/blog\/wp-json\/wp\/v2\/posts\/27636"}],"collection":[{"href":"https:\/\/flamboyant.com.br\/blog\/wp-json\/wp\/v2\/posts"}],"about":[{"href":"https:\/\/flamboyant.com.br\/blog\/wp-json\/wp\/v2\/types\/post"}],"author":[{"embeddable":true,"href":"https:\/\/flamboyant.com.br\/blog\/wp-json\/wp\/v2\/users\/4"}],"replies":[{"embeddable":true,"href":"https:\/\/flamboyant.com.br\/blog\/wp-json\/wp\/v2\/comments?post=27636"}],"version-history":[{"count":4,"href":"https:\/\/flamboyant.com.br\/blog\/wp-json\/wp\/v2\/posts\/27636\/revisions"}],"predecessor-version":[{"id":27645,"href":"https:\/\/flamboyant.com.br\/blog\/wp-json\/wp\/v2\/posts\/27636\/revisions\/27645"}],"wp:featuredmedia":[{"embeddable":true,"href":"https:\/\/flamboyant.com.br\/blog\/wp-json\/wp\/v2\/media\/27639"}],"wp:attachment":[{"href":"https:\/\/flamboyant.com.br\/blog\/wp-json\/wp\/v2\/media?parent=27636"}],"wp:term":[{"taxonomy":"category","embeddable":true,"href":"https:\/\/flamboyant.com.br\/blog\/wp-json\/wp\/v2\/categories?post=27636"},{"taxonomy":"post_tag","embeddable":true,"href":"https:\/\/flamboyant.com.br\/blog\/wp-json\/wp\/v2\/tags?post=27636"}],"curies":[{"name":"wp","href":"https:\/\/api.w.org\/{rel}","templated":true}]}}