
{"id":32322,"date":"2021-12-01T08:50:09","date_gmt":"2021-12-01T11:50:09","guid":{"rendered":"https:\/\/flamboyant.com.br\/blog\/?p=32322"},"modified":"2021-12-01T08:50:09","modified_gmt":"2021-12-01T11:50:09","slug":"marcas-presentes-no-flamboyant-shopping-desfilam-no-spfw-2021-52","status":"publish","type":"post","link":"https:\/\/flamboyant.com.br\/blog\/2021\/12\/marcas-presentes-no-flamboyant-shopping-desfilam-no-spfw-2021-52\/","title":{"rendered":"Marcas presentes no Flamboyant Shopping desfilam no SPFW 2021\/52"},"content":{"rendered":"<p>O maior evento de moda da Am\u00e9rica Latina completa em 2021, 25 anos. A edi\u00e7\u00e3o intitulada SPFW N52 + Regenera\u00e7\u00e3o celebrou o anivers\u00e1rio da temporada de moda e a retomada do sistema h\u00edbrido com eventos presenciais e virtuais.<!--more--><a href=\"http:\/\/flamboyant.com.br\/blog\/wp-content\/uploads\/2021\/12\/WhatsApp-Image-2021-12-01-at-08.29.08-1.jpeg\" rel=\"lightbox[32322]\"><img decoding=\"async\" loading=\"lazy\" class=\"aligncenter wp-image-32382 size-full\" src=\"http:\/\/flamboyant.com.br\/blog\/wp-content\/uploads\/2021\/12\/WhatsApp-Image-2021-12-01-at-08.29.08-1.jpeg\" alt=\"\" width=\"828\" height=\"698\" srcset=\"https:\/\/flamboyant.com.br\/blog\/wp-content\/uploads\/2021\/12\/WhatsApp-Image-2021-12-01-at-08.29.08-1.jpeg 828w, https:\/\/flamboyant.com.br\/blog\/wp-content\/uploads\/2021\/12\/WhatsApp-Image-2021-12-01-at-08.29.08-1-300x253.jpeg 300w, https:\/\/flamboyant.com.br\/blog\/wp-content\/uploads\/2021\/12\/WhatsApp-Image-2021-12-01-at-08.29.08-1-768x647.jpeg 768w\" sizes=\"(max-width: 828px) 100vw, 828px\" \/><\/a><\/p>\n<p>&nbsp;<\/p>\n<p>Ap\u00f3s duas temporadas 100% digitais, a edi\u00e7\u00e3o N52 do S\u00e3o Paulo Fashion Week foi exibida de forma h\u00edbrida com a presen\u00e7a de novas marcas que chegaram com tudo no evento de moda.<\/p>\n<p>Paulo Borges fundador da temporada de Moda disse:<\/p>\n<p>&#8221; O SPFW \u00e9 um ato coletivo, em poucos dias, a moda brasileira estar\u00e1 novamente com toda sua pot\u00eancia, resili\u00eancia e novos aprendizados, que nos servir\u00e3o de guias para os pr\u00f3ximos anos. Como j\u00e1 disse anteriormente, n\u00e3o se trata de roupas, se trata de pessoas&#8221; e de &#8220;Squads&#8221; ou apresentadores virtuais que conduziram os eventos do line- up oficial da edi\u00e7\u00e3o!<a href=\"http:\/\/flamboyant.com.br\/blog\/wp-content\/uploads\/2021\/12\/WhatsApp-Image-2021-12-01-at-07.46.07.jpeg\" rel=\"lightbox[32322]\"><img decoding=\"async\" loading=\"lazy\" class=\"aligncenter wp-image-32383 size-full\" src=\"http:\/\/flamboyant.com.br\/blog\/wp-content\/uploads\/2021\/12\/WhatsApp-Image-2021-12-01-at-07.46.07.jpeg\" alt=\"\" width=\"800\" height=\"1000\" srcset=\"https:\/\/flamboyant.com.br\/blog\/wp-content\/uploads\/2021\/12\/WhatsApp-Image-2021-12-01-at-07.46.07.jpeg 800w, https:\/\/flamboyant.com.br\/blog\/wp-content\/uploads\/2021\/12\/WhatsApp-Image-2021-12-01-at-07.46.07-240x300.jpeg 240w, https:\/\/flamboyant.com.br\/blog\/wp-content\/uploads\/2021\/12\/WhatsApp-Image-2021-12-01-at-07.46.07-768x960.jpeg 768w\" sizes=\"(max-width: 800px) 100vw, 800px\" \/><\/a><\/p>\n<p><strong>Hist\u00f3ria<\/strong><\/p>\n<p>Tudo come\u00e7ou em 1995 com a parceria do produtor de eventos Paulo Borges e a empres\u00e1ria Cristiane Arcangeli, dona da marca Phytoervas. Eles produziram um evento de moda que levou o nome de Phytoervas Fashion, mas Borges acabou se desligando da empresa um tempo depois e firmou parceira com um shopping, com isso o nome foi alterado para Morumbi Fashion Week. Somente em 2001 ele recebeu o nome de S\u00e3o Paulo Fashion Week como hoje o conhecemos.<a href=\"http:\/\/flamboyant.com.br\/blog\/wp-content\/uploads\/2021\/12\/WhatsApp-Image-2021-12-01-at-07.46.08-1.jpeg\" rel=\"lightbox[32322]\"><img decoding=\"async\" loading=\"lazy\" class=\"aligncenter wp-image-32384 size-full\" src=\"http:\/\/flamboyant.com.br\/blog\/wp-content\/uploads\/2021\/12\/WhatsApp-Image-2021-12-01-at-07.46.08-1.jpeg\" alt=\"\" width=\"800\" height=\"599\" srcset=\"https:\/\/flamboyant.com.br\/blog\/wp-content\/uploads\/2021\/12\/WhatsApp-Image-2021-12-01-at-07.46.08-1.jpeg 800w, https:\/\/flamboyant.com.br\/blog\/wp-content\/uploads\/2021\/12\/WhatsApp-Image-2021-12-01-at-07.46.08-1-300x225.jpeg 300w, https:\/\/flamboyant.com.br\/blog\/wp-content\/uploads\/2021\/12\/WhatsApp-Image-2021-12-01-at-07.46.08-1-768x575.jpeg 768w\" sizes=\"(max-width: 800px) 100vw, 800px\" \/><\/a><\/p>\n<p><strong>Programa\u00e7\u00e3o N52\u00a0<\/strong><\/p>\n<p>Ao todo foram 50 apresenta\u00e7\u00f5es exibidas de forma presencial no Pavilh\u00e3o das Culturas Brasileiras (Parque Ibirapuera) e online pelas redes do SPFW.<\/p>\n<p>Oito marcas estrearam no line-up e tivemos duas marcas que est\u00e3o no Flamboyant Shopping apresentando suas cole\u00e7\u00f5es: Ellus e a Lenny Niemeyer.<\/p>\n<p>A Ellus (Piso 2), n\u00e3o desfilava no SPFW desde 2017 e trouxe para essa edi\u00e7\u00e3o pautas de a\u00e7\u00f5es ambientais, valorizou a logomania estampando o \u201cE\u201d estilizado da marca em boa parte das pe\u00e7as e valorizou a tradi\u00e7\u00e3o de qualidade das pe\u00e7as que acompanha a marca desde a sua cria\u00e7\u00e3o.<a href=\"http:\/\/flamboyant.com.br\/blog\/wp-content\/uploads\/2021\/12\/WhatsApp-Image-2021-12-01-at-07.46.07-1.jpeg\" rel=\"lightbox[32322]\"><img decoding=\"async\" loading=\"lazy\" class=\"aligncenter wp-image-32385 size-full\" src=\"http:\/\/flamboyant.com.br\/blog\/wp-content\/uploads\/2021\/12\/WhatsApp-Image-2021-12-01-at-07.46.07-1.jpeg\" alt=\"\" width=\"800\" height=\"1042\" srcset=\"https:\/\/flamboyant.com.br\/blog\/wp-content\/uploads\/2021\/12\/WhatsApp-Image-2021-12-01-at-07.46.07-1.jpeg 800w, https:\/\/flamboyant.com.br\/blog\/wp-content\/uploads\/2021\/12\/WhatsApp-Image-2021-12-01-at-07.46.07-1-230x300.jpeg 230w, https:\/\/flamboyant.com.br\/blog\/wp-content\/uploads\/2021\/12\/WhatsApp-Image-2021-12-01-at-07.46.07-1-786x1024.jpeg 786w, https:\/\/flamboyant.com.br\/blog\/wp-content\/uploads\/2021\/12\/WhatsApp-Image-2021-12-01-at-07.46.07-1-768x1000.jpeg 768w\" sizes=\"(max-width: 800px) 100vw, 800px\" \/><\/a><\/p>\n<p><a href=\"http:\/\/flamboyant.com.br\/blog\/wp-content\/uploads\/2021\/12\/WhatsApp-Image-2021-12-01-at-07.46.08-2.jpeg\" rel=\"lightbox[32322]\"><img decoding=\"async\" loading=\"lazy\" class=\"aligncenter wp-image-32386 size-full\" src=\"http:\/\/flamboyant.com.br\/blog\/wp-content\/uploads\/2021\/12\/WhatsApp-Image-2021-12-01-at-07.46.08-2.jpeg\" alt=\"\" width=\"948\" height=\"1250\" srcset=\"https:\/\/flamboyant.com.br\/blog\/wp-content\/uploads\/2021\/12\/WhatsApp-Image-2021-12-01-at-07.46.08-2.jpeg 948w, https:\/\/flamboyant.com.br\/blog\/wp-content\/uploads\/2021\/12\/WhatsApp-Image-2021-12-01-at-07.46.08-2-228x300.jpeg 228w, https:\/\/flamboyant.com.br\/blog\/wp-content\/uploads\/2021\/12\/WhatsApp-Image-2021-12-01-at-07.46.08-2-777x1024.jpeg 777w, https:\/\/flamboyant.com.br\/blog\/wp-content\/uploads\/2021\/12\/WhatsApp-Image-2021-12-01-at-07.46.08-2-768x1013.jpeg 768w\" sizes=\"(max-width: 948px) 100vw, 948px\" \/><\/a><\/p>\n<p>A Lenny Niemeyer (piso 3), encerrou a edi\u00e7\u00e3o com grande estilo! O desfile aconteceu na c\u00fapula do Caminho Niemeyer, em Niter\u00f3i, e comemorou os 30 anos da marca. Os looks apresentados abordaram temas variados como: arquitetura, fauna, formas geom\u00e9tricas e grafismos urbanos.<a href=\"http:\/\/flamboyant.com.br\/blog\/wp-content\/uploads\/2021\/12\/WhatsApp-Image-2021-12-01-at-07.46.06.jpeg\" rel=\"lightbox[32322]\"><img decoding=\"async\" loading=\"lazy\" class=\"aligncenter wp-image-32387 size-full\" src=\"http:\/\/flamboyant.com.br\/blog\/wp-content\/uploads\/2021\/12\/WhatsApp-Image-2021-12-01-at-07.46.06.jpeg\" alt=\"\" width=\"800\" height=\"1000\" srcset=\"https:\/\/flamboyant.com.br\/blog\/wp-content\/uploads\/2021\/12\/WhatsApp-Image-2021-12-01-at-07.46.06.jpeg 800w, https:\/\/flamboyant.com.br\/blog\/wp-content\/uploads\/2021\/12\/WhatsApp-Image-2021-12-01-at-07.46.06-240x300.jpeg 240w, https:\/\/flamboyant.com.br\/blog\/wp-content\/uploads\/2021\/12\/WhatsApp-Image-2021-12-01-at-07.46.06-768x960.jpeg 768w\" sizes=\"(max-width: 800px) 100vw, 800px\" \/><\/a><a href=\"http:\/\/flamboyant.com.br\/blog\/wp-content\/uploads\/2021\/12\/WhatsApp-Image-2021-12-01-at-07.46.09.jpeg\" rel=\"lightbox[32322]\"><img decoding=\"async\" loading=\"lazy\" class=\"aligncenter wp-image-32388 size-full\" src=\"http:\/\/flamboyant.com.br\/blog\/wp-content\/uploads\/2021\/12\/WhatsApp-Image-2021-12-01-at-07.46.09.jpeg\" alt=\"\" width=\"800\" height=\"1000\" srcset=\"https:\/\/flamboyant.com.br\/blog\/wp-content\/uploads\/2021\/12\/WhatsApp-Image-2021-12-01-at-07.46.09.jpeg 800w, https:\/\/flamboyant.com.br\/blog\/wp-content\/uploads\/2021\/12\/WhatsApp-Image-2021-12-01-at-07.46.09-240x300.jpeg 240w, https:\/\/flamboyant.com.br\/blog\/wp-content\/uploads\/2021\/12\/WhatsApp-Image-2021-12-01-at-07.46.09-768x960.jpeg 768w\" sizes=\"(max-width: 800px) 100vw, 800px\" \/><\/a><\/p>\n<p>Foram momentos \u00fanicos de muita informa\u00e7\u00e3o de moda que, com certeza, ficaram eternizados na hist\u00f3ria do evento.<\/p>\n<p>N\u00f3s ficamos daqui acompanhando tudo para trazer os detalhes para voc\u00eas, um momento de comemora\u00e7\u00e3o para a moda brasileira.<\/p>\n<p>E voc\u00ea? Conta para a gente: voc\u00ea acompanhou essa edi\u00e7\u00e3o do S\u00e3o Paulo Fashion Week?? O que achou dos desfiles e dos temas usados nas apresenta\u00e7\u00f5es?<\/p>\n<p>Vale a pena ficar de olho nas tend\u00eancias e j\u00e1 escolher quais as pe\u00e7as ser\u00e3o desejo para a \u00a0pr\u00f3xima \u00a0esta\u00e7\u00e3o! J\u00e1, j\u00e1, elas desembarcam nas lojas do Flamboyant Shopping!<\/p>\n<p>&nbsp;<\/p>\n<p>Cr\u00e9ditos:<\/p>\n<p>Todas as fotos \u2013 divulga\u00e7\u00e3o site SPFW<\/p>\n","protected":false},"excerpt":{"rendered":"<p>O maior evento de moda da Am\u00e9rica Latina completa em 2021, 25 anos. A edi\u00e7\u00e3o intitulada SPFW N52 + Regenera\u00e7\u00e3o&#8230;<\/p>\n","protected":false},"author":2,"featured_media":32371,"comment_status":"open","ping_status":"open","sticky":false,"template":"","format":"standard","meta":{"_mi_skip_tracking":false},"categories":[2809,8],"tags":[2890,2077,1323],"yoast_head":"<!-- This site is optimized with the Yoast SEO plugin v20.11 - https:\/\/yoast.com\/wordpress\/plugins\/seo\/ -->\n<title>Marcas presentes no Flamboyant Shopping desfilam no SPFW 2021\/52 - Blog Flamboyant<\/title>\n<meta name=\"robots\" content=\"index, follow, max-snippet:-1, max-image-preview:large, max-video-preview:-1\" \/>\n<link rel=\"canonical\" href=\"https:\/\/flamboyant.com.br\/blog\/2021\/12\/marcas-presentes-no-flamboyant-shopping-desfilam-no-spfw-2021-52\/\" \/>\n<meta property=\"og:locale\" content=\"pt_BR\" \/>\n<meta property=\"og:type\" content=\"article\" \/>\n<meta property=\"og:title\" content=\"Marcas presentes no Flamboyant Shopping desfilam no SPFW 2021\/52 - Blog Flamboyant\" \/>\n<meta property=\"og:description\" content=\"O maior evento de moda da Am\u00e9rica Latina completa em 2021, 25 anos. A edi\u00e7\u00e3o intitulada SPFW N52 + Regenera\u00e7\u00e3o...\" \/>\n<meta property=\"og:url\" content=\"https:\/\/flamboyant.com.br\/blog\/2021\/12\/marcas-presentes-no-flamboyant-shopping-desfilam-no-spfw-2021-52\/\" \/>\n<meta property=\"og:site_name\" content=\"Blog Flamboyant\" \/>\n<meta property=\"article:published_time\" content=\"2021-12-01T11:50:09+00:00\" \/>\n<meta property=\"og:image\" content=\"https:\/\/flamboyant.com.br\/blog\/wp-content\/uploads\/2021\/12\/WhatsApp-Image-2021-12-01-at-07.46.08.jpeg\" \/>\n\t<meta property=\"og:image:width\" content=\"800\" \/>\n\t<meta property=\"og:image:height\" content=\"800\" \/>\n\t<meta property=\"og:image:type\" content=\"image\/jpeg\" \/>\n<meta name=\"author\" content=\"Equipe Blog Flamboyant\" \/>\n<meta name=\"twitter:card\" content=\"summary_large_image\" \/>\n<meta name=\"twitter:label1\" content=\"Written by\" \/>\n\t<meta name=\"twitter:data1\" content=\"Equipe Blog Flamboyant\" \/>\n\t<meta name=\"twitter:label2\" content=\"Est. reading time\" \/>\n\t<meta name=\"twitter:data2\" content=\"2 minutos\" \/>\n<script type=\"application\/ld+json\" class=\"yoast-schema-graph\">{\"@context\":\"https:\/\/schema.org\",\"@graph\":[{\"@type\":\"WebPage\",\"@id\":\"https:\/\/flamboyant.com.br\/blog\/2021\/12\/marcas-presentes-no-flamboyant-shopping-desfilam-no-spfw-2021-52\/\",\"url\":\"https:\/\/flamboyant.com.br\/blog\/2021\/12\/marcas-presentes-no-flamboyant-shopping-desfilam-no-spfw-2021-52\/\",\"name\":\"Marcas presentes no Flamboyant Shopping desfilam no SPFW 2021\/52 - Blog Flamboyant\",\"isPartOf\":{\"@id\":\"https:\/\/flamboyant.com.br\/blog\/#website\"},\"datePublished\":\"2021-12-01T11:50:09+00:00\",\"dateModified\":\"2021-12-01T11:50:09+00:00\",\"author\":{\"@id\":\"https:\/\/flamboyant.com.br\/blog\/#\/schema\/person\/96e5b9fe8927c69f49fde0efa7c35c25\"},\"inLanguage\":\"pt-BR\",\"potentialAction\":[{\"@type\":\"ReadAction\",\"target\":[\"https:\/\/flamboyant.com.br\/blog\/2021\/12\/marcas-presentes-no-flamboyant-shopping-desfilam-no-spfw-2021-52\/\"]}]},{\"@type\":\"WebSite\",\"@id\":\"https:\/\/flamboyant.com.br\/blog\/#website\",\"url\":\"https:\/\/flamboyant.com.br\/blog\/\",\"name\":\"Blog Flamboyant\",\"description\":\"Novidades da Vitrine de Goi\u00e1s\",\"potentialAction\":[{\"@type\":\"SearchAction\",\"target\":{\"@type\":\"EntryPoint\",\"urlTemplate\":\"https:\/\/flamboyant.com.br\/blog\/?s={search_term_string}\"},\"query-input\":\"required name=search_term_string\"}],\"inLanguage\":\"pt-BR\"},{\"@type\":\"Person\",\"@id\":\"https:\/\/flamboyant.com.br\/blog\/#\/schema\/person\/96e5b9fe8927c69f49fde0efa7c35c25\",\"name\":\"Equipe Blog Flamboyant\",\"image\":{\"@type\":\"ImageObject\",\"inLanguage\":\"pt-BR\",\"@id\":\"https:\/\/flamboyant.com.br\/blog\/#\/schema\/person\/image\/\",\"url\":\"https:\/\/secure.gravatar.com\/avatar\/b07292884a3b6ed4df51823ddca76d73?s=96&d=blank&r=g\",\"contentUrl\":\"https:\/\/secure.gravatar.com\/avatar\/b07292884a3b6ed4df51823ddca76d73?s=96&d=blank&r=g\",\"caption\":\"Equipe Blog Flamboyant\"},\"url\":\"https:\/\/flamboyant.com.br\/blog\/author\/flamboyant\/\"}]}<\/script>\n<!-- \/ Yoast SEO plugin. -->","yoast_head_json":{"title":"Marcas presentes no Flamboyant Shopping desfilam no SPFW 2021\/52 - Blog Flamboyant","robots":{"index":"index","follow":"follow","max-snippet":"max-snippet:-1","max-image-preview":"max-image-preview:large","max-video-preview":"max-video-preview:-1"},"canonical":"https:\/\/flamboyant.com.br\/blog\/2021\/12\/marcas-presentes-no-flamboyant-shopping-desfilam-no-spfw-2021-52\/","og_locale":"pt_BR","og_type":"article","og_title":"Marcas presentes no Flamboyant Shopping desfilam no SPFW 2021\/52 - Blog Flamboyant","og_description":"O maior evento de moda da Am\u00e9rica Latina completa em 2021, 25 anos. A edi\u00e7\u00e3o intitulada SPFW N52 + Regenera\u00e7\u00e3o...","og_url":"https:\/\/flamboyant.com.br\/blog\/2021\/12\/marcas-presentes-no-flamboyant-shopping-desfilam-no-spfw-2021-52\/","og_site_name":"Blog Flamboyant","article_published_time":"2021-12-01T11:50:09+00:00","og_image":[{"width":800,"height":800,"url":"https:\/\/flamboyant.com.br\/blog\/wp-content\/uploads\/2021\/12\/WhatsApp-Image-2021-12-01-at-07.46.08.jpeg","type":"image\/jpeg"}],"author":"Equipe Blog Flamboyant","twitter_card":"summary_large_image","twitter_misc":{"Written by":"Equipe Blog Flamboyant","Est. reading time":"2 minutos"},"schema":{"@context":"https:\/\/schema.org","@graph":[{"@type":"WebPage","@id":"https:\/\/flamboyant.com.br\/blog\/2021\/12\/marcas-presentes-no-flamboyant-shopping-desfilam-no-spfw-2021-52\/","url":"https:\/\/flamboyant.com.br\/blog\/2021\/12\/marcas-presentes-no-flamboyant-shopping-desfilam-no-spfw-2021-52\/","name":"Marcas presentes no Flamboyant Shopping desfilam no SPFW 2021\/52 - Blog Flamboyant","isPartOf":{"@id":"https:\/\/flamboyant.com.br\/blog\/#website"},"datePublished":"2021-12-01T11:50:09+00:00","dateModified":"2021-12-01T11:50:09+00:00","author":{"@id":"https:\/\/flamboyant.com.br\/blog\/#\/schema\/person\/96e5b9fe8927c69f49fde0efa7c35c25"},"inLanguage":"pt-BR","potentialAction":[{"@type":"ReadAction","target":["https:\/\/flamboyant.com.br\/blog\/2021\/12\/marcas-presentes-no-flamboyant-shopping-desfilam-no-spfw-2021-52\/"]}]},{"@type":"WebSite","@id":"https:\/\/flamboyant.com.br\/blog\/#website","url":"https:\/\/flamboyant.com.br\/blog\/","name":"Blog Flamboyant","description":"Novidades da Vitrine de Goi\u00e1s","potentialAction":[{"@type":"SearchAction","target":{"@type":"EntryPoint","urlTemplate":"https:\/\/flamboyant.com.br\/blog\/?s={search_term_string}"},"query-input":"required name=search_term_string"}],"inLanguage":"pt-BR"},{"@type":"Person","@id":"https:\/\/flamboyant.com.br\/blog\/#\/schema\/person\/96e5b9fe8927c69f49fde0efa7c35c25","name":"Equipe Blog Flamboyant","image":{"@type":"ImageObject","inLanguage":"pt-BR","@id":"https:\/\/flamboyant.com.br\/blog\/#\/schema\/person\/image\/","url":"https:\/\/secure.gravatar.com\/avatar\/b07292884a3b6ed4df51823ddca76d73?s=96&d=blank&r=g","contentUrl":"https:\/\/secure.gravatar.com\/avatar\/b07292884a3b6ed4df51823ddca76d73?s=96&d=blank&r=g","caption":"Equipe Blog Flamboyant"},"url":"https:\/\/flamboyant.com.br\/blog\/author\/flamboyant\/"}]}},"_links":{"self":[{"href":"https:\/\/flamboyant.com.br\/blog\/wp-json\/wp\/v2\/posts\/32322"}],"collection":[{"href":"https:\/\/flamboyant.com.br\/blog\/wp-json\/wp\/v2\/posts"}],"about":[{"href":"https:\/\/flamboyant.com.br\/blog\/wp-json\/wp\/v2\/types\/post"}],"author":[{"embeddable":true,"href":"https:\/\/flamboyant.com.br\/blog\/wp-json\/wp\/v2\/users\/2"}],"replies":[{"embeddable":true,"href":"https:\/\/flamboyant.com.br\/blog\/wp-json\/wp\/v2\/comments?post=32322"}],"version-history":[{"count":1,"href":"https:\/\/flamboyant.com.br\/blog\/wp-json\/wp\/v2\/posts\/32322\/revisions"}],"predecessor-version":[{"id":32389,"href":"https:\/\/flamboyant.com.br\/blog\/wp-json\/wp\/v2\/posts\/32322\/revisions\/32389"}],"wp:featuredmedia":[{"embeddable":true,"href":"https:\/\/flamboyant.com.br\/blog\/wp-json\/wp\/v2\/media\/32371"}],"wp:attachment":[{"href":"https:\/\/flamboyant.com.br\/blog\/wp-json\/wp\/v2\/media?parent=32322"}],"wp:term":[{"taxonomy":"category","embeddable":true,"href":"https:\/\/flamboyant.com.br\/blog\/wp-json\/wp\/v2\/categories?post=32322"},{"taxonomy":"post_tag","embeddable":true,"href":"https:\/\/flamboyant.com.br\/blog\/wp-json\/wp\/v2\/tags?post=32322"}],"curies":[{"name":"wp","href":"https:\/\/api.w.org\/{rel}","templated":true}]}}