
{"id":35124,"date":"2023-10-03T17:40:43","date_gmt":"2023-10-03T20:40:43","guid":{"rendered":"https:\/\/flamboyant.com.br\/blog\/?p=35124"},"modified":"2023-10-03T17:40:43","modified_gmt":"2023-10-03T20:40:43","slug":"dicas-de-looks-para-o-flamboyant-in-concert-gabriel-sater-e-orquestra-sinfonica","status":"publish","type":"post","link":"https:\/\/flamboyant.com.br\/blog\/2023\/10\/dicas-de-looks-para-o-flamboyant-in-concert-gabriel-sater-e-orquestra-sinfonica\/","title":{"rendered":"Dicas de Looks para o Flamboyant In Concert: Gabriel Sater e Orquestra Sinf\u00f4nica"},"content":{"rendered":"<p>Quer dicas de moda certeiras para arrasar no pr\u00f3ximo show do Flamboyant In Concert? Ent\u00e3o se liga nesse post, temos ideias lindas para voc\u00ea! <!--more--><\/p>\n<p>A viagem musical que voc\u00ea esperou durante todo ano chegou! O maestro Jo\u00e3o Carlos ao lado de Gabriel Sater v\u00e3o passear pelas m\u00fasicas cl\u00e1ssicas e <em>hits<\/em> da novela Pantanal ao lado da Orquestra Sinf\u00f4nica de Goi\u00e2nia.<\/p>\n<h4>Dicas de Moda<\/h4>\n<p>O estilo pantaneiro voltou com tudo pelo sucesso do <em>remake<\/em> da novela Pantanal em 2022 e at\u00e9 hoje vemos influ\u00eancias desse estilo nas vitrines mais estilosas. E para te ajudar a encontrar a produ\u00e7\u00e3o ideal para curtir o show dia 31\/10, n\u00f3s selecionamos algumas dicas, confira:<\/p>\n<h4>Aposte nos tons terrosos<\/h4>\n<div id=\"attachment_35129\" style=\"width: 1210px\" class=\"wp-caption alignnone\"><a href=\"http:\/\/flamboyant.com.br\/blog\/wp-content\/uploads\/2023\/10\/33D29C7A-7355-4581-9C24-F058D7D89692.jpeg\" rel=\"lightbox[35124]\"><img aria-describedby=\"caption-attachment-35129\" decoding=\"async\" loading=\"lazy\" class=\"wp-image-35129 size-full\" src=\"http:\/\/flamboyant.com.br\/blog\/wp-content\/uploads\/2023\/10\/33D29C7A-7355-4581-9C24-F058D7D89692.jpeg\" alt=\"\" width=\"1200\" height=\"1600\" srcset=\"https:\/\/flamboyant.com.br\/blog\/wp-content\/uploads\/2023\/10\/33D29C7A-7355-4581-9C24-F058D7D89692.jpeg 1200w, https:\/\/flamboyant.com.br\/blog\/wp-content\/uploads\/2023\/10\/33D29C7A-7355-4581-9C24-F058D7D89692-225x300.jpeg 225w, https:\/\/flamboyant.com.br\/blog\/wp-content\/uploads\/2023\/10\/33D29C7A-7355-4581-9C24-F058D7D89692-768x1024.jpeg 768w, https:\/\/flamboyant.com.br\/blog\/wp-content\/uploads\/2023\/10\/33D29C7A-7355-4581-9C24-F058D7D89692-1152x1536.jpeg 1152w\" sizes=\"(max-width: 1200px) 100vw, 1200px\" \/><\/a><p id=\"caption-attachment-35129\" class=\"wp-caption-text\">Animale &#8211; Piso 3<\/p><\/div>\n<p>A cartela de cores com tons mais terrosos s\u00e3o marcantes no figurino da novela e voc\u00ea pode ir com tudo nesse estilo. Vai ficar maravilhosa!<\/p>\n<h4>Use tecidos mais leves<\/h4>\n<div id=\"attachment_35131\" style=\"width: 1210px\" class=\"wp-caption alignnone\"><a href=\"http:\/\/flamboyant.com.br\/blog\/wp-content\/uploads\/2023\/10\/EBDCD565-4545-42CC-8963-1DE416307241.jpeg\" rel=\"lightbox[35124]\"><img aria-describedby=\"caption-attachment-35131\" decoding=\"async\" loading=\"lazy\" class=\"wp-image-35131 size-full\" src=\"http:\/\/flamboyant.com.br\/blog\/wp-content\/uploads\/2023\/10\/EBDCD565-4545-42CC-8963-1DE416307241.jpeg\" alt=\"\" width=\"1200\" height=\"1600\" srcset=\"https:\/\/flamboyant.com.br\/blog\/wp-content\/uploads\/2023\/10\/EBDCD565-4545-42CC-8963-1DE416307241.jpeg 1200w, https:\/\/flamboyant.com.br\/blog\/wp-content\/uploads\/2023\/10\/EBDCD565-4545-42CC-8963-1DE416307241-225x300.jpeg 225w, https:\/\/flamboyant.com.br\/blog\/wp-content\/uploads\/2023\/10\/EBDCD565-4545-42CC-8963-1DE416307241-768x1024.jpeg 768w, https:\/\/flamboyant.com.br\/blog\/wp-content\/uploads\/2023\/10\/EBDCD565-4545-42CC-8963-1DE416307241-1152x1536.jpeg 1152w\" sizes=\"(max-width: 1200px) 100vw, 1200px\" \/><\/a><p id=\"caption-attachment-35131\" class=\"wp-caption-text\">Sacada &#8211; Piso 2<\/p><\/div>\n<p>Os tecidos mais leves e soltinhos s\u00e3o um ponto forte no estilo da Juma e se voc\u00ea quiser ficar linda e confort\u00e1vel essa dica \u00e9 perfeita para voc\u00ea!<\/p>\n<h4>Experimente cores mais vibrantes<\/h4>\n<div id=\"attachment_35132\" style=\"width: 1210px\" class=\"wp-caption alignnone\"><a href=\"http:\/\/flamboyant.com.br\/blog\/wp-content\/uploads\/2023\/10\/2C06040B-047C-40D0-958E-2CA711F7DC51.jpeg\" rel=\"lightbox[35124]\"><img aria-describedby=\"caption-attachment-35132\" decoding=\"async\" loading=\"lazy\" class=\"wp-image-35132 size-full\" src=\"http:\/\/flamboyant.com.br\/blog\/wp-content\/uploads\/2023\/10\/2C06040B-047C-40D0-958E-2CA711F7DC51.jpeg\" alt=\"\" width=\"1200\" height=\"1600\" srcset=\"https:\/\/flamboyant.com.br\/blog\/wp-content\/uploads\/2023\/10\/2C06040B-047C-40D0-958E-2CA711F7DC51.jpeg 1200w, https:\/\/flamboyant.com.br\/blog\/wp-content\/uploads\/2023\/10\/2C06040B-047C-40D0-958E-2CA711F7DC51-225x300.jpeg 225w, https:\/\/flamboyant.com.br\/blog\/wp-content\/uploads\/2023\/10\/2C06040B-047C-40D0-958E-2CA711F7DC51-768x1024.jpeg 768w, https:\/\/flamboyant.com.br\/blog\/wp-content\/uploads\/2023\/10\/2C06040B-047C-40D0-958E-2CA711F7DC51-1152x1536.jpeg 1152w\" sizes=\"(max-width: 1200px) 100vw, 1200px\" \/><\/a><p id=\"caption-attachment-35132\" class=\"wp-caption-text\">SouQ &#8211; Piso 3<\/p><\/div>\n<p>Para quem ama a personagem Fil\u00f3, os tons mais fortes e tecidos estampados s\u00e3o ideais. As cores marcantes retratam a flora do Pantanal e vai te deixar ainda mais charmosa.<\/p>\n<h4>Inove com os tons mais neutros<\/h4>\n<div id=\"attachment_35128\" style=\"width: 1210px\" class=\"wp-caption alignnone\"><a href=\"http:\/\/flamboyant.com.br\/blog\/wp-content\/uploads\/2023\/10\/02E58D6D-D9CE-4CE8-B332-A9F27B5B0DF8.jpeg\" rel=\"lightbox[35124]\"><img aria-describedby=\"caption-attachment-35128\" decoding=\"async\" loading=\"lazy\" class=\"wp-image-35128 size-full\" src=\"http:\/\/flamboyant.com.br\/blog\/wp-content\/uploads\/2023\/10\/02E58D6D-D9CE-4CE8-B332-A9F27B5B0DF8.jpeg\" alt=\"\" width=\"1200\" height=\"1600\" srcset=\"https:\/\/flamboyant.com.br\/blog\/wp-content\/uploads\/2023\/10\/02E58D6D-D9CE-4CE8-B332-A9F27B5B0DF8.jpeg 1200w, https:\/\/flamboyant.com.br\/blog\/wp-content\/uploads\/2023\/10\/02E58D6D-D9CE-4CE8-B332-A9F27B5B0DF8-225x300.jpeg 225w, https:\/\/flamboyant.com.br\/blog\/wp-content\/uploads\/2023\/10\/02E58D6D-D9CE-4CE8-B332-A9F27B5B0DF8-768x1024.jpeg 768w, https:\/\/flamboyant.com.br\/blog\/wp-content\/uploads\/2023\/10\/02E58D6D-D9CE-4CE8-B332-A9F27B5B0DF8-1152x1536.jpeg 1152w\" sizes=\"(max-width: 1200px) 100vw, 1200px\" \/><\/a><p id=\"caption-attachment-35128\" class=\"wp-caption-text\">\u00c1gua de C\u00f4co &#8211; Piso 2<\/p><\/div>\n<p>Outro ponto forte s\u00e3o os tons mais neutros que retratam a terra, o estilo pantaneiro. Voc\u00ea pode se inspirar nesses tons e inovar com pe\u00e7as mais casuais e confort\u00e1veis para curtir o show do in\u00edcio ao fim.<\/p>\n<p>S\u00e3o muitas dicas e pe\u00e7as lindas para voc\u00ea se produzir para o pr\u00f3ximo show. Ent\u00e3o n\u00e3o perca tempo, venha hoje mesmo garantir a produ\u00e7\u00e3o perfeita para voc\u00ea!<\/p>\n<p>E n\u00e3o se esque\u00e7a de garantir o seu ingresso, est\u00e3o quase esgotando.<\/p>\n<p>Clique aqui para ler mais sobre os ingressos para o Flamboyant In Concert do m\u00eas de outubro.<\/p>\n","protected":false},"excerpt":{"rendered":"<p>Quer dicas de moda certeiras para arrasar no pr\u00f3ximo show do Flamboyant In Concert? Ent\u00e3o se liga nesse post, temos&#8230;<\/p>\n","protected":false},"author":2,"featured_media":35130,"comment_status":"open","ping_status":"open","sticky":false,"template":"","format":"standard","meta":{"_mi_skip_tracking":false},"categories":[2102,8],"tags":[2575,3039,2078,222],"yoast_head":"<!-- This site is optimized with the Yoast SEO plugin v20.11 - https:\/\/yoast.com\/wordpress\/plugins\/seo\/ -->\n<title>Dicas de Looks para o Flamboyant In Concert: Gabriel Sater e Orquestra Sinf\u00f4nica - Blog Flamboyant<\/title>\n<meta name=\"robots\" content=\"index, follow, max-snippet:-1, max-image-preview:large, max-video-preview:-1\" \/>\n<link rel=\"canonical\" href=\"https:\/\/flamboyant.com.br\/blog\/2023\/10\/dicas-de-looks-para-o-flamboyant-in-concert-gabriel-sater-e-orquestra-sinfonica\/\" \/>\n<meta property=\"og:locale\" content=\"pt_BR\" \/>\n<meta property=\"og:type\" content=\"article\" \/>\n<meta property=\"og:title\" content=\"Dicas de Looks para o Flamboyant In Concert: Gabriel Sater e Orquestra Sinf\u00f4nica - Blog Flamboyant\" \/>\n<meta property=\"og:description\" content=\"Quer dicas de moda certeiras para arrasar no pr\u00f3ximo show do Flamboyant In Concert? Ent\u00e3o se liga nesse post, temos...\" \/>\n<meta property=\"og:url\" content=\"https:\/\/flamboyant.com.br\/blog\/2023\/10\/dicas-de-looks-para-o-flamboyant-in-concert-gabriel-sater-e-orquestra-sinfonica\/\" \/>\n<meta property=\"og:site_name\" content=\"Blog Flamboyant\" \/>\n<meta property=\"article:published_time\" content=\"2023-10-03T20:40:43+00:00\" \/>\n<meta property=\"og:image\" content=\"http:\/\/flamboyant.com.br\/blog\/wp-content\/uploads\/2023\/10\/FA1EFF46-267A-44E1-BEB3-B6D7D09F83CE.jpeg\" \/>\n\t<meta property=\"og:image:width\" content=\"2304\" \/>\n\t<meta property=\"og:image:height\" content=\"1536\" \/>\n\t<meta property=\"og:image:type\" content=\"image\/jpeg\" \/>\n<meta name=\"author\" content=\"Equipe Blog Flamboyant\" \/>\n<meta name=\"twitter:card\" content=\"summary_large_image\" \/>\n<meta name=\"twitter:label1\" content=\"Written by\" \/>\n\t<meta name=\"twitter:data1\" content=\"Equipe Blog Flamboyant\" \/>\n\t<meta name=\"twitter:label2\" content=\"Est. reading time\" \/>\n\t<meta name=\"twitter:data2\" content=\"3 minutos\" \/>\n<script type=\"application\/ld+json\" class=\"yoast-schema-graph\">{\"@context\":\"https:\/\/schema.org\",\"@graph\":[{\"@type\":\"WebPage\",\"@id\":\"https:\/\/flamboyant.com.br\/blog\/2023\/10\/dicas-de-looks-para-o-flamboyant-in-concert-gabriel-sater-e-orquestra-sinfonica\/\",\"url\":\"https:\/\/flamboyant.com.br\/blog\/2023\/10\/dicas-de-looks-para-o-flamboyant-in-concert-gabriel-sater-e-orquestra-sinfonica\/\",\"name\":\"Dicas de Looks para o Flamboyant In Concert: Gabriel Sater e Orquestra Sinf\u00f4nica - Blog Flamboyant\",\"isPartOf\":{\"@id\":\"https:\/\/flamboyant.com.br\/blog\/#website\"},\"datePublished\":\"2023-10-03T20:40:43+00:00\",\"dateModified\":\"2023-10-03T20:40:43+00:00\",\"author\":{\"@id\":\"https:\/\/flamboyant.com.br\/blog\/#\/schema\/person\/96e5b9fe8927c69f49fde0efa7c35c25\"},\"inLanguage\":\"pt-BR\",\"potentialAction\":[{\"@type\":\"ReadAction\",\"target\":[\"https:\/\/flamboyant.com.br\/blog\/2023\/10\/dicas-de-looks-para-o-flamboyant-in-concert-gabriel-sater-e-orquestra-sinfonica\/\"]}]},{\"@type\":\"WebSite\",\"@id\":\"https:\/\/flamboyant.com.br\/blog\/#website\",\"url\":\"https:\/\/flamboyant.com.br\/blog\/\",\"name\":\"Blog Flamboyant\",\"description\":\"Novidades da Vitrine de Goi\u00e1s\",\"potentialAction\":[{\"@type\":\"SearchAction\",\"target\":{\"@type\":\"EntryPoint\",\"urlTemplate\":\"https:\/\/flamboyant.com.br\/blog\/?s={search_term_string}\"},\"query-input\":\"required name=search_term_string\"}],\"inLanguage\":\"pt-BR\"},{\"@type\":\"Person\",\"@id\":\"https:\/\/flamboyant.com.br\/blog\/#\/schema\/person\/96e5b9fe8927c69f49fde0efa7c35c25\",\"name\":\"Equipe Blog Flamboyant\",\"image\":{\"@type\":\"ImageObject\",\"inLanguage\":\"pt-BR\",\"@id\":\"https:\/\/flamboyant.com.br\/blog\/#\/schema\/person\/image\/\",\"url\":\"https:\/\/secure.gravatar.com\/avatar\/b07292884a3b6ed4df51823ddca76d73?s=96&d=blank&r=g\",\"contentUrl\":\"https:\/\/secure.gravatar.com\/avatar\/b07292884a3b6ed4df51823ddca76d73?s=96&d=blank&r=g\",\"caption\":\"Equipe Blog Flamboyant\"},\"url\":\"https:\/\/flamboyant.com.br\/blog\/author\/flamboyant\/\"}]}<\/script>\n<!-- \/ Yoast SEO plugin. -->","yoast_head_json":{"title":"Dicas de Looks para o Flamboyant In Concert: Gabriel Sater e Orquestra Sinf\u00f4nica - Blog Flamboyant","robots":{"index":"index","follow":"follow","max-snippet":"max-snippet:-1","max-image-preview":"max-image-preview:large","max-video-preview":"max-video-preview:-1"},"canonical":"https:\/\/flamboyant.com.br\/blog\/2023\/10\/dicas-de-looks-para-o-flamboyant-in-concert-gabriel-sater-e-orquestra-sinfonica\/","og_locale":"pt_BR","og_type":"article","og_title":"Dicas de Looks para o Flamboyant In Concert: Gabriel Sater e Orquestra Sinf\u00f4nica - Blog Flamboyant","og_description":"Quer dicas de moda certeiras para arrasar no pr\u00f3ximo show do Flamboyant In Concert? Ent\u00e3o se liga nesse post, temos...","og_url":"https:\/\/flamboyant.com.br\/blog\/2023\/10\/dicas-de-looks-para-o-flamboyant-in-concert-gabriel-sater-e-orquestra-sinfonica\/","og_site_name":"Blog Flamboyant","article_published_time":"2023-10-03T20:40:43+00:00","og_image":[{"width":2304,"height":1536,"url":"http:\/\/flamboyant.com.br\/blog\/wp-content\/uploads\/2023\/10\/FA1EFF46-267A-44E1-BEB3-B6D7D09F83CE.jpeg","type":"image\/jpeg"}],"author":"Equipe Blog Flamboyant","twitter_card":"summary_large_image","twitter_misc":{"Written by":"Equipe Blog Flamboyant","Est. reading time":"3 minutos"},"schema":{"@context":"https:\/\/schema.org","@graph":[{"@type":"WebPage","@id":"https:\/\/flamboyant.com.br\/blog\/2023\/10\/dicas-de-looks-para-o-flamboyant-in-concert-gabriel-sater-e-orquestra-sinfonica\/","url":"https:\/\/flamboyant.com.br\/blog\/2023\/10\/dicas-de-looks-para-o-flamboyant-in-concert-gabriel-sater-e-orquestra-sinfonica\/","name":"Dicas de Looks para o Flamboyant In Concert: Gabriel Sater e Orquestra Sinf\u00f4nica - Blog Flamboyant","isPartOf":{"@id":"https:\/\/flamboyant.com.br\/blog\/#website"},"datePublished":"2023-10-03T20:40:43+00:00","dateModified":"2023-10-03T20:40:43+00:00","author":{"@id":"https:\/\/flamboyant.com.br\/blog\/#\/schema\/person\/96e5b9fe8927c69f49fde0efa7c35c25"},"inLanguage":"pt-BR","potentialAction":[{"@type":"ReadAction","target":["https:\/\/flamboyant.com.br\/blog\/2023\/10\/dicas-de-looks-para-o-flamboyant-in-concert-gabriel-sater-e-orquestra-sinfonica\/"]}]},{"@type":"WebSite","@id":"https:\/\/flamboyant.com.br\/blog\/#website","url":"https:\/\/flamboyant.com.br\/blog\/","name":"Blog Flamboyant","description":"Novidades da Vitrine de Goi\u00e1s","potentialAction":[{"@type":"SearchAction","target":{"@type":"EntryPoint","urlTemplate":"https:\/\/flamboyant.com.br\/blog\/?s={search_term_string}"},"query-input":"required name=search_term_string"}],"inLanguage":"pt-BR"},{"@type":"Person","@id":"https:\/\/flamboyant.com.br\/blog\/#\/schema\/person\/96e5b9fe8927c69f49fde0efa7c35c25","name":"Equipe Blog Flamboyant","image":{"@type":"ImageObject","inLanguage":"pt-BR","@id":"https:\/\/flamboyant.com.br\/blog\/#\/schema\/person\/image\/","url":"https:\/\/secure.gravatar.com\/avatar\/b07292884a3b6ed4df51823ddca76d73?s=96&d=blank&r=g","contentUrl":"https:\/\/secure.gravatar.com\/avatar\/b07292884a3b6ed4df51823ddca76d73?s=96&d=blank&r=g","caption":"Equipe Blog Flamboyant"},"url":"https:\/\/flamboyant.com.br\/blog\/author\/flamboyant\/"}]}},"_links":{"self":[{"href":"https:\/\/flamboyant.com.br\/blog\/wp-json\/wp\/v2\/posts\/35124"}],"collection":[{"href":"https:\/\/flamboyant.com.br\/blog\/wp-json\/wp\/v2\/posts"}],"about":[{"href":"https:\/\/flamboyant.com.br\/blog\/wp-json\/wp\/v2\/types\/post"}],"author":[{"embeddable":true,"href":"https:\/\/flamboyant.com.br\/blog\/wp-json\/wp\/v2\/users\/2"}],"replies":[{"embeddable":true,"href":"https:\/\/flamboyant.com.br\/blog\/wp-json\/wp\/v2\/comments?post=35124"}],"version-history":[{"count":3,"href":"https:\/\/flamboyant.com.br\/blog\/wp-json\/wp\/v2\/posts\/35124\/revisions"}],"predecessor-version":[{"id":35133,"href":"https:\/\/flamboyant.com.br\/blog\/wp-json\/wp\/v2\/posts\/35124\/revisions\/35133"}],"wp:featuredmedia":[{"embeddable":true,"href":"https:\/\/flamboyant.com.br\/blog\/wp-json\/wp\/v2\/media\/35130"}],"wp:attachment":[{"href":"https:\/\/flamboyant.com.br\/blog\/wp-json\/wp\/v2\/media?parent=35124"}],"wp:term":[{"taxonomy":"category","embeddable":true,"href":"https:\/\/flamboyant.com.br\/blog\/wp-json\/wp\/v2\/categories?post=35124"},{"taxonomy":"post_tag","embeddable":true,"href":"https:\/\/flamboyant.com.br\/blog\/wp-json\/wp\/v2\/tags?post=35124"}],"curies":[{"name":"wp","href":"https:\/\/api.w.org\/{rel}","templated":true}]}}